{"id":9581,"date":"2022-05-02T18:54:29","date_gmt":"2022-05-02T16:54:29","guid":{"rendered":"https:\/\/www.fsgestavayer.ch\/?p=9581"},"modified":"2022-05-02T18:54:30","modified_gmt":"2022-05-02T16:54:30","slug":"programme-de-la-suisse-bouge-2","status":"publish","type":"post","link":"https:\/\/www.fsgestavayer.ch\/?p=9581","title":{"rendered":"Programme de la suisse.bouge"},"content":{"rendered":"\n<p>La suisse.bouge aura lieu du 16 au 20 mai cette ann\u00e9e. <br>Vous aurez l&rsquo;occasion de pratiquer des activit\u00e9s en libre service durant toute la semaine, et de nombreuses activit\u00e9s encadr\u00e9es vous sont propos\u00e9es le mercredi 18 mai.<\/p>\n\n\n\n<p>Une seule activit\u00e9 n\u00e9cessite de s&rsquo;inscrire \u00e0 l&rsquo;avance : l&rsquo;escalade. Vous pourrez vous inscrire d\u00e8s le 6 mai.<\/p>\n\n\n\n<p>Voici le programme du mercredi 18 mai en d\u00e9tail :<\/p>\n\n\n<div class=\"su-accordion su-u-trim\">\n<div class=\"su-spoiler su-spoiler-style-fancy su-spoiler-icon-plus su-spoiler-closed\" data-scroll-offset=\"0\" data-anchor-in-url=\"no\"><div class=\"su-spoiler-title\" tabindex=\"0\" role=\"button\"><span class=\"su-spoiler-icon\"><\/span>Escalade<\/div><div class=\"su-spoiler-content su-u-clearfix su-u-trim\"> Activit\u00e9 toujours tr\u00e8s appr\u00e9ci\u00e9e et connue des habitu\u00e9s de la suisse.bouge. Les enfants peuvent y participer \u00e0 partir de 8 ans pour autant qu\u2019ils soient accompagn\u00e9s d\u2019un adulte. Vous serez encadr\u00e9s par des moniteurs dipl\u00f4m\u00e9s. Sur inscription<\/div><\/div>\n<div class=\"su-spoiler su-spoiler-style-fancy su-spoiler-icon-plus su-spoiler-closed\" data-scroll-offset=\"0\" data-anchor-in-url=\"no\"><div class=\"su-spoiler-title\" tabindex=\"0\" role=\"button\"><span class=\"su-spoiler-icon\"><\/span>Balade<\/div><div class=\"su-spoiler-content su-u-clearfix su-u-trim\"> Une simple balade en groupe, pour se changer les esprits, profiter de la r\u00e9gion et faire de nouvelles connaissances.<\/div><\/div>\n<div class=\"su-spoiler su-spoiler-style-fancy su-spoiler-icon-plus su-spoiler-closed\" data-scroll-offset=\"0\" data-anchor-in-url=\"no\"><div class=\"su-spoiler-title\" tabindex=\"0\" role=\"button\"><span class=\"su-spoiler-icon\"><\/span>Nordic Walking<\/div><div class=\"su-spoiler-content su-u-clearfix su-u-trim\"> Marche rapide avec des b\u00e2tons sp\u00e9ciaux. Ce sport nous vient du Nord, o\u00f9 l\u2019\u00e9lite des skieurs de fond finlandais le pratique pour s\u2019entra\u00eener pendant l\u2019\u00e9t\u00e9. Le Nordic Walking convient \u00e0 tous, ind\u00e9pendamment de l\u2019\u00e2ge, du poids ou du degr\u00e9 d\u2019entra\u00eenement. Il permet de se muscler, de mieux respirer, de s\u2019oxyg\u00e9ner, de perdre du poids et d\u2019acqu\u00e9rir un excellent confort de marche. Plusieurs groupes de niveau et des b\u00e2tons seront mis \u00e0 disposition.<\/div><\/div>\n<div class=\"su-spoiler su-spoiler-style-fancy su-spoiler-icon-plus su-spoiler-closed\" data-scroll-offset=\"0\" data-anchor-in-url=\"no\"><div class=\"su-spoiler-title\" tabindex=\"0\" role=\"button\"><span class=\"su-spoiler-icon\"><\/span>Urban Park Fitness<\/div><div class=\"su-spoiler-content su-u-clearfix su-u-trim\"> D\u00e9couvrez le fitness \u00e0 ciel ouvert qui se trouve pr\u00e8s de la Salle de la Prillaz. Ce soir-l\u00e0, il y aura un moniteur sur place pour vous aider et vous conseiller.<\/div><\/div>\n<div class=\"su-spoiler su-spoiler-style-fancy su-spoiler-icon-plus su-spoiler-closed\" data-scroll-offset=\"0\" data-anchor-in-url=\"no\"><div class=\"su-spoiler-title\" tabindex=\"0\" role=\"button\"><span class=\"su-spoiler-icon\"><\/span>Pilates<\/div><div class=\"su-spoiler-content su-u-clearfix su-u-trim\"> La pratique du Pilates, m\u00e9thode d\u2019activit\u00e9 physique d\u00e9velopp\u00e9e par Joseph Pilates, vous permettra d\u2019offrir une plus grande libert\u00e9 de mouvement \u00e0 votre corps.<br \/>\nEn 10 s\u00e9ances vous sentirez la diff\u00e9rence<br \/>\nEn 20 s\u00e9ances vous verrez la diff\u00e9rence<br \/>\nEn 30 s\u00e9ances vous serez diff\u00e9rents, dixit Joseph Pilates.<br \/>\nBienvenue!<\/div><\/div>\n<div class=\"su-spoiler su-spoiler-style-fancy su-spoiler-icon-plus su-spoiler-closed\" data-scroll-offset=\"0\" data-anchor-in-url=\"no\"><div class=\"su-spoiler-title\" tabindex=\"0\" role=\"button\"><span class=\"su-spoiler-icon\"><\/span>Kinball<\/div><div class=\"su-spoiler-content su-u-clearfix su-u-trim\"> Taille de ballon d\u00e9mesur\u00e9e, trois \u00e9quipes pr\u00e9sentes simultan\u00e9ment sur le terrain, mixit\u00e9 autoris\u00e9e&nbsp;: les originalit\u00e9s de ce sport venu tout droit du Qu\u00e9bec pourrait bien vous faire succomber&nbsp;!!!<\/div><\/div>\n<div class=\"su-spoiler su-spoiler-style-fancy su-spoiler-icon-plus su-spoiler-closed\" data-scroll-offset=\"0\" data-anchor-in-url=\"no\"><div class=\"su-spoiler-title\" tabindex=\"0\" role=\"button\"><span class=\"su-spoiler-icon\"><\/span>V\u00e9lo<\/div><div class=\"su-spoiler-content su-u-clearfix su-u-trim\">Prends ton v\u00e9lo et viens rejoindre un de nos groupe de v\u00e9lo, pour faire un peu de randonn\u00e9e dans la r\u00e9gion d\u2019Estavayer, d\u00e9couvrir des chemins de traverse sous la conduite de moniteurs qui seront \u00e0 ta disposition pour te conseiller sur l\u2019\u00e9quipement et les astuces de conduite. Adultes et enfants accompagn\u00e9s d\u2019un adulte.<\/div><\/div>\n<div class=\"su-spoiler su-spoiler-style-fancy su-spoiler-icon-plus su-spoiler-closed\" data-scroll-offset=\"0\" data-anchor-in-url=\"no\"><div class=\"su-spoiler-title\" tabindex=\"0\" role=\"button\"><span class=\"su-spoiler-icon\"><\/span>Badminton<\/div><div class=\"su-spoiler-content su-u-clearfix su-u-trim\">Venez rejoindre un groupe pour taper dans le volant.<\/div><\/div>\n<div class=\"su-spoiler su-spoiler-style-fancy su-spoiler-icon-plus su-spoiler-closed\" data-scroll-offset=\"0\" data-anchor-in-url=\"no\"><div class=\"su-spoiler-title\" tabindex=\"0\" role=\"button\"><span class=\"su-spoiler-icon\"><\/span>Gym enfantine<\/div><div class=\"su-spoiler-content su-u-clearfix su-u-trim\">D\u00e9couverte de la gym par les jeux et un petit parcours.<\/div><\/div>\n<div class=\"su-spoiler su-spoiler-style-fancy su-spoiler-icon-plus su-spoiler-closed\" data-scroll-offset=\"0\" data-anchor-in-url=\"no\"><div class=\"su-spoiler-title\" tabindex=\"0\" role=\"button\"><span class=\"su-spoiler-icon\"><\/span>Gym Parents-enfants<\/div><div class=\"su-spoiler-content su-u-clearfix su-u-trim\">Faire d\u00e9couvrir la premi\u00e8re gym aux plus petits et partager un moment privil\u00e9gi\u00e9 entre parent et enfant.<\/div><\/div>\n<\/div>\n\n\n\n<figure class=\"wp-block-image size-large\"><a href=\"https:\/\/www.fsgestavayer.ch\/wp-contenu\/uploads\/2022\/05\/image-1.png\"><img loading=\"lazy\" decoding=\"async\" width=\"1024\" height=\"358\" src=\"https:\/\/www.fsgestavayer.ch\/wp-contenu\/uploads\/2022\/05\/image-1-1024x358.png\" alt=\"\" class=\"wp-image-9584\" srcset=\"https:\/\/www.fsgestavayer.ch\/wp-contenu\/uploads\/2022\/05\/image-1-1024x358.png 1024w, https:\/\/www.fsgestavayer.ch\/wp-contenu\/uploads\/2022\/05\/image-1-300x105.png 300w, https:\/\/www.fsgestavayer.ch\/wp-contenu\/uploads\/2022\/05\/image-1-768x269.png 768w, https:\/\/www.fsgestavayer.ch\/wp-contenu\/uploads\/2022\/05\/image-1-1536x537.png 1536w, https:\/\/www.fsgestavayer.ch\/wp-contenu\/uploads\/2022\/05\/image-1.png 1824w\" sizes=\"auto, (max-width: 1024px) 100vw, 1024px\" \/><\/a><\/figure>\n\n\n\n<p><\/p>\n\n\n\n<p><br>Et voici les activit\u00e9s disponibles en libre-service durant toute la semaine :<\/p>\n\n\n<div class=\"su-accordion su-u-trim\">\n<div class=\"su-spoiler su-spoiler-style-fancy su-spoiler-icon-plus su-spoiler-closed\" data-scroll-offset=\"0\" data-anchor-in-url=\"no\"><div class=\"su-spoiler-title\" tabindex=\"0\" role=\"button\"><span class=\"su-spoiler-icon\"><\/span>451 marches \u00e0 travers Estavayer-le-Lac<\/div><div class=\"su-spoiler-content su-u-clearfix su-u-trim\"> Lancez-vous \u00e0 la conqu\u00eate des Escaliers d&rsquo;Estavayer !<br \/>\n(en acc\u00e8s libre toute la semaine )<br \/>\nD\u00e9part: Place Saint-Claude<br \/>\nObjectif: 2x la boucle de 2.9 km (mais 1x c&rsquo;est d\u00e9j\u00e0 pas mal!)<\/p>\n<p>\u2022 Au d\u00e9but tu montes les escaliers en marchant, puis essaie en courant.<br \/>\n\u2022 Si t&rsquo;es pas fatigu\u00e9, refais un tour !<br \/>\n\u2022 D\u00e9marre ton chrono dans l&rsquo;app suisse.bouge et comptabilise des minutes pour ta commune<\/div><\/div>\n<div class=\"su-spoiler su-spoiler-style-fancy su-spoiler-icon-plus su-spoiler-closed\" data-scroll-offset=\"0\" data-anchor-in-url=\"no\"><div class=\"su-spoiler-title\" tabindex=\"0\" role=\"button\"><span class=\"su-spoiler-icon\"><\/span>Parcours Vita Urbain<\/div><div class=\"su-spoiler-content su-u-clearfix su-u-trim\">Bouge \u00e0 Estavayer-le-Lac en suivant notre Parcours Vita Urbain<br \/>\n(en acc\u00e8s libre toute la semaine )<br \/>\nD\u00e9part: n&rsquo;importe o\u00f9 sur le trac\u00e9<br \/>\nObjectif: le sport en ville c&rsquo;est possible!<br \/>\n\u2022 Suis le trac\u00e9 et d\u00e9couvre 6 postes d&rsquo;exercice le long du parcours.<br \/>\n\u2022 Donne tout sur les flexions ! Et aussi les extensions !<br \/>\n\u2022 D\u00e9marre ton chrono dans l&rsquo;app suisse.bouge et comptabilise des minutes pour ta commune<\/div><\/div>\n<\/div>\n\n\n\n<figure class=\"wp-block-image size-full\"><a href=\"https:\/\/www.fsgestavayer.ch\/wp-contenu\/uploads\/2022\/05\/image-2.png\"><img loading=\"lazy\" decoding=\"async\" width=\"765\" height=\"716\" src=\"https:\/\/www.fsgestavayer.ch\/wp-contenu\/uploads\/2022\/05\/image-2.png\" alt=\"\" class=\"wp-image-9588\" srcset=\"https:\/\/www.fsgestavayer.ch\/wp-contenu\/uploads\/2022\/05\/image-2.png 765w, https:\/\/www.fsgestavayer.ch\/wp-contenu\/uploads\/2022\/05\/image-2-300x281.png 300w\" sizes=\"auto, (max-width: 765px) 100vw, 765px\" \/><\/a><figcaption>Parcours des escaliers<\/figcaption><\/figure>\n\n\n\n<p>Parcours aussi disponible sur #<a href=\"https:\/\/fr.wikiloc.com\/itineraires-randonnee\/estavayer-le-lac-67046724\">WIKILOC<\/a>: <br>Parcours Vita-Urbain : Tu trouves la carte et une petite explication en cliquant <a href=\"https:\/\/www.fsgestavayer.ch\/wp-contenu\/uploads\/2022\/05\/Parcours-urbain-avec-exercices-Estavayer-le-Lac.pdf\">ici<\/a>. <\/p>\n\n\n\n<p><strong>Participer avec l&rsquo;app<\/strong><br>Durant toute la semaine, l\u2019application de la suisse.bouge te permet d&rsquo;accumuler des minutes de mouvement lors d&rsquo;activit\u00e9s pratiqu\u00e9es individuellement. Qu&rsquo;il s&rsquo;agisse de promenade, de v\u00e9lo, de randonn\u00e9e, de jogging, de sport de balle ou autre, les minutes peuvent \u00eatre enregistr\u00e9es dans l&rsquo;application gr\u00e2ce au chrono int\u00e9gr\u00e9. <br>C&rsquo;est tr\u00e8s simple :<br>&#8211; T\u00e9l\u00e9charger l&rsquo;application \u00ab\u00a0Duel intercommunal Coop\u00a0\u00bb (gratuit) sur Google play ou l\u2019App store<br>&#8211; Cr\u00e9er un compte d&rsquo;utilisateur et s\u00e9lectionner la commune de son choix<br>&#8211; Saisir toutes les minutes de mouvement du mois de mai via le chronom\u00e8tre de l&rsquo;application.<\/p>\n\n\n\n<figure class=\"wp-block-image size-large\"><a href=\"https:\/\/www.fsgestavayer.ch\/wp-contenu\/uploads\/2022\/05\/image.png\"><img loading=\"lazy\" decoding=\"async\" width=\"1024\" height=\"629\" src=\"https:\/\/www.fsgestavayer.ch\/wp-contenu\/uploads\/2022\/05\/image-1024x629.png\" alt=\"\" class=\"wp-image-9582\" srcset=\"https:\/\/www.fsgestavayer.ch\/wp-contenu\/uploads\/2022\/05\/image-1024x629.png 1024w, https:\/\/www.fsgestavayer.ch\/wp-contenu\/uploads\/2022\/05\/image-300x184.png 300w, https:\/\/www.fsgestavayer.ch\/wp-contenu\/uploads\/2022\/05\/image-768x472.png 768w, https:\/\/www.fsgestavayer.ch\/wp-contenu\/uploads\/2022\/05\/image-1536x944.png 1536w, https:\/\/www.fsgestavayer.ch\/wp-contenu\/uploads\/2022\/05\/image-2048x1258.png 2048w\" sizes=\"auto, (max-width: 1024px) 100vw, 1024px\" \/><\/a><\/figure>\n","protected":false},"excerpt":{"rendered":"<p>La suisse.bouge aura lieu du 16 au 20 mai cette ann\u00e9e. Vous aurez l&rsquo;occasion de pratiquer des activit\u00e9s en libre service durant toute la semaine, <a class=\"more-link\" href=\"https:\/\/www.fsgestavayer.ch\/?p=9581\">Continuer la lecture <span class=\"screen-reader-text\">  Programme de la suisse.bouge<\/span><span class=\"meta-nav\">&rarr;<\/span><\/a><\/p>\n","protected":false},"author":3,"featured_media":9582,"comment_status":"closed","ping_status":"open","sticky":false,"template":"","format":"standard","meta":{"ngg_post_thumbnail":0,"footnotes":""},"categories":[21],"tags":[22],"class_list":["post-9581","post","type-post","status-publish","format-standard","has-post-thumbnail","hentry","category-la-suisse-bouge","tag-la-suisse-bouge-2"],"_links":{"self":[{"href":"https:\/\/www.fsgestavayer.ch\/index.php?rest_route=\/wp\/v2\/posts\/9581","targetHints":{"allow":["GET"]}}],"collection":[{"href":"https:\/\/www.fsgestavayer.ch\/index.php?rest_route=\/wp\/v2\/posts"}],"about":[{"href":"https:\/\/www.fsgestavayer.ch\/index.php?rest_route=\/wp\/v2\/types\/post"}],"author":[{"embeddable":true,"href":"https:\/\/www.fsgestavayer.ch\/index.php?rest_route=\/wp\/v2\/users\/3"}],"replies":[{"embeddable":true,"href":"https:\/\/www.fsgestavayer.ch\/index.php?rest_route=%2Fwp%2Fv2%2Fcomments&post=9581"}],"version-history":[{"count":10,"href":"https:\/\/www.fsgestavayer.ch\/index.php?rest_route=\/wp\/v2\/posts\/9581\/revisions"}],"predecessor-version":[{"id":9599,"href":"https:\/\/www.fsgestavayer.ch\/index.php?rest_route=\/wp\/v2\/posts\/9581\/revisions\/9599"}],"wp:featuredmedia":[{"embeddable":true,"href":"https:\/\/www.fsgestavayer.ch\/index.php?rest_route=\/wp\/v2\/media\/9582"}],"wp:attachment":[{"href":"https:\/\/www.fsgestavayer.ch\/index.php?rest_route=%2Fwp%2Fv2%2Fmedia&parent=9581"}],"wp:term":[{"taxonomy":"category","embeddable":true,"href":"https:\/\/www.fsgestavayer.ch\/index.php?rest_route=%2Fwp%2Fv2%2Fcategories&post=9581"},{"taxonomy":"post_tag","embeddable":true,"href":"https:\/\/www.fsgestavayer.ch\/index.php?rest_route=%2Fwp%2Fv2%2Ftags&post=9581"}],"curies":[{"name":"wp","href":"https:\/\/api.w.org\/{rel}","templated":true}]}}