{"id":951,"date":"2014-07-31T00:09:56","date_gmt":"2014-07-30T22:09:56","guid":{"rendered":"http:\/\/www.fsgestavayer.ch\/?p=951"},"modified":"2014-07-31T00:09:56","modified_gmt":"2014-07-30T22:09:56","slug":"bravo-pascal","status":"publish","type":"post","link":"https:\/\/www.fsgestavayer.ch\/?p=951","title":{"rendered":"Bravo Pascal !"},"content":{"rendered":"<p>Un champion suisse \u00e0 la FSG Estavayer, \u00e7a ne nous arrive pas tous les jours&#8230; Bravo \u00e0 Pascal Mancini pour son titre de Champion suisse du 100m !<br \/>\nPascal a su rester pleinement concentr\u00e9 sur sa course malgr\u00e9 un premier d\u00e9part annul\u00e9 (faux-d\u00e9part d&rsquo;Amaru Schenkel) et a r\u00e9ussi un excellent chrono : 10&Prime;30.<\/p>\n<p>N&rsquo;oubliez pas de soutenir Pascal pour les <a href=\"http:\/\/www.zuerich2014.ch\/fr\" target=\"_blank\">Championnats d&rsquo;Europe<\/a> qui se d\u00e9roulent \u00e0 Z\u00fcrich du 12 au 17 ao\u00fbt !<\/p>\n<p><iframe loading=\"lazy\" src=\"\/\/player.vimeo.com\/video\/101747716\" width=\"500\" height=\"281\" frameborder=\"0\" webkitallowfullscreen mozallowfullscreen allowfullscreen><\/iframe> <\/p>\n<p><a href=\"http:\/\/vimeo.com\/101747716\">100m Final M\u00e4nner<\/a> from <a href=\"http:\/\/vimeo.com\/swissstarters\">Swiss Starters<\/a> on <a href=\"https:\/\/vimeo.com\">Vimeo<\/a>.<\/p>\n","protected":false},"excerpt":{"rendered":"<p>Un champion suisse \u00e0 la FSG Estavayer, \u00e7a ne nous arrive pas tous les jours&#8230; Bravo \u00e0 Pascal Mancini pour son titre de Champion suisse <a class=\"more-link\" href=\"https:\/\/www.fsgestavayer.ch\/?p=951\">Continuer la lecture <span class=\"screen-reader-text\">  Bravo Pascal !<\/span><span class=\"meta-nav\">&rarr;<\/span><\/a><\/p>\n","protected":false},"author":3,"featured_media":952,"comment_status":"closed","ping_status":"open","sticky":false,"template":"","format":"standard","meta":{"ngg_post_thumbnail":0,"footnotes":""},"categories":[4],"tags":[],"class_list":["post-951","post","type-post","status-publish","format-standard","has-post-thumbnail","hentry","category-athletisme"],"_links":{"self":[{"href":"https:\/\/www.fsgestavayer.ch\/index.php?rest_route=\/wp\/v2\/posts\/951","targetHints":{"allow":["GET"]}}],"collection":[{"href":"https:\/\/www.fsgestavayer.ch\/index.php?rest_route=\/wp\/v2\/posts"}],"about":[{"href":"https:\/\/www.fsgestavayer.ch\/index.php?rest_route=\/wp\/v2\/types\/post"}],"author":[{"embeddable":true,"href":"https:\/\/www.fsgestavayer.ch\/index.php?rest_route=\/wp\/v2\/users\/3"}],"replies":[{"embeddable":true,"href":"https:\/\/www.fsgestavayer.ch\/index.php?rest_route=%2Fwp%2Fv2%2Fcomments&post=951"}],"version-history":[{"count":0,"href":"https:\/\/www.fsgestavayer.ch\/index.php?rest_route=\/wp\/v2\/posts\/951\/revisions"}],"wp:featuredmedia":[{"embeddable":true,"href":"https:\/\/www.fsgestavayer.ch\/index.php?rest_route=\/wp\/v2\/media\/952"}],"wp:attachment":[{"href":"https:\/\/www.fsgestavayer.ch\/index.php?rest_route=%2Fwp%2Fv2%2Fmedia&parent=951"}],"wp:term":[{"taxonomy":"category","embeddable":true,"href":"https:\/\/www.fsgestavayer.ch\/index.php?rest_route=%2Fwp%2Fv2%2Fcategories&post=951"},{"taxonomy":"post_tag","embeddable":true,"href":"https:\/\/www.fsgestavayer.ch\/index.php?rest_route=%2Fwp%2Fv2%2Ftags&post=951"}],"curies":[{"name":"wp","href":"https:\/\/api.w.org\/{rel}","templated":true}]}}