{"id":893,"date":"2014-07-09T00:26:00","date_gmt":"2014-07-08T22:26:00","guid":{"rendered":"http:\/\/www.fsgestavayer.ch\/?p=893"},"modified":"2014-07-09T19:20:52","modified_gmt":"2014-07-09T17:20:52","slug":"finales-cantonales-60m-et-1000m","status":"publish","type":"post","link":"https:\/\/www.fsgestavayer.ch\/?p=893","title":{"rendered":"Finales cantonales &#8211; 60m et 1000m"},"content":{"rendered":"<p>Les finales cantonales de sprint et du 1000 m\u00e8tres se sont d\u00e9roul\u00e9es \u00e0 Fribourg ce samedi 5 Juillet. 5 athl\u00e8tes avaient d\u00e9croch\u00e9 leur qualification et ont particip\u00e9 aux finales de sprint et 2 aux finales du 1000m:<br \/>\n&#8211; M\u00e9lanie Reymond<br \/>\n&#8211; Kleidiana Pereira Dos Santos<br \/>\n&#8211; Felix Seid<br \/>\n&#8211; Chlo\u00e9 Z\u00fcger<br \/>\n&#8211; Maeva Dettwiler<br \/>\n&#8211; Maxime Werro<\/p>\n<p>Bravo \u00e0 Maxime Werro pour sa victoire lors des qualifications sur 60m en 9.28s et sa 3e place en finale dans le m\u00eame temps.<\/p>\n<p>F\u00e9licitations \u00e0 Felix Seid pour sa premi\u00e8re place au 1&rsquo;000m qui lui vaut une place pour la finale suisse \u00e0 Herisau le 20 septembre!<\/p>\n<p><!-- index.php -->\n<div\n\tclass=\"ngg-galleryoverview\n\t\t\"\n\tid=\"ngg-gallery-c35577b1375e2ad6afc1bc6f37b67085-1\">\n\n\t\t<div class=\"slideshowlink\">\n\t\t<a href='https:\/\/www.fsgestavayer.ch\/index.php\/nggallery\/slideshow?p=893'>[Slideshow]<\/a>\n\n\t<\/div>\n\t\t\t<!-- Thumbnails -->\n\t\t\t\t<div id=\"ngg-image-0\" class=\"ngg-gallery-thumbnail-box\"\n\t\t\t\t\t\t\t\t\t\t\t>\n\t\t\t\t\t\t<div class=\"ngg-gallery-thumbnail\">\n\t\t\t<a href=\"https:\/\/www.fsgestavayer.ch\/wp-content\/gallery\/finales-cantonales-sprint-2014\/DSC_21311.jpg\"\n\t\t\t\ttitle=\"\"\n\t\t\t\tdata-src=\"https:\/\/www.fsgestavayer.ch\/wp-content\/gallery\/finales-cantonales-sprint-2014\/DSC_21311.jpg\"\n\t\t\t\tdata-thumbnail=\"https:\/\/www.fsgestavayer.ch\/wp-content\/gallery\/finales-cantonales-sprint-2014\/thumbs\/thumbs_DSC_21311.jpg\"\n\t\t\t\tdata-image-id=\"150\"\n\t\t\t\tdata-title=\"DSC_2131[1]\"\n\t\t\t\tdata-description=\"\"\n\t\t\t\tdata-image-slug=\"dsc_21311-2\"\n\t\t\t\tclass=\"ngg-fancybox\" rel=\"c35577b1375e2ad6afc1bc6f37b67085\">\n\t\t\t\t<img\n\t\t\t\t\ttitle=\"DSC_2131[1]\"\n\t\t\t\t\talt=\"DSC_2131[1]\"\n\t\t\t\t\tsrc=\"https:\/\/www.fsgestavayer.ch\/wp-content\/gallery\/finales-cantonales-sprint-2014\/thumbs\/thumbs_DSC_21311.jpg\"\n\t\t\t\t\twidth=\"120\"\n\t\t\t\t\theight=\"90\"\n\t\t\t\t\tstyle=\"max-width:100%;\"\n\t\t\t\t\/>\n\t\t\t<\/a>\n\t\t<\/div>\n\t\t\t\t\t\t\t<\/div>\n\t\t\t\n\t\t\n\t\t\t\t<div id=\"ngg-image-1\" class=\"ngg-gallery-thumbnail-box\"\n\t\t\t\t\t\t\t\t\t\t\t>\n\t\t\t\t\t\t<div class=\"ngg-gallery-thumbnail\">\n\t\t\t<a href=\"https:\/\/www.fsgestavayer.ch\/wp-content\/gallery\/finales-cantonales-sprint-2014\/DSC_21321.jpg\"\n\t\t\t\ttitle=\" \"\n\t\t\t\tdata-src=\"https:\/\/www.fsgestavayer.ch\/wp-content\/gallery\/finales-cantonales-sprint-2014\/DSC_21321.jpg\"\n\t\t\t\tdata-thumbnail=\"https:\/\/www.fsgestavayer.ch\/wp-content\/gallery\/finales-cantonales-sprint-2014\/thumbs\/thumbs_DSC_21321.jpg\"\n\t\t\t\tdata-image-id=\"151\"\n\t\t\t\tdata-title=\"DSC_2132[1]\"\n\t\t\t\tdata-description=\" \"\n\t\t\t\tdata-image-slug=\"dsc_21321-2\"\n\t\t\t\tclass=\"ngg-fancybox\" rel=\"c35577b1375e2ad6afc1bc6f37b67085\">\n\t\t\t\t<img\n\t\t\t\t\ttitle=\"DSC_2132[1]\"\n\t\t\t\t\talt=\"DSC_2132[1]\"\n\t\t\t\t\tsrc=\"https:\/\/www.fsgestavayer.ch\/wp-content\/gallery\/finales-cantonales-sprint-2014\/thumbs\/thumbs_DSC_21321.jpg\"\n\t\t\t\t\twidth=\"120\"\n\t\t\t\t\theight=\"90\"\n\t\t\t\t\tstyle=\"max-width:100%;\"\n\t\t\t\t\/>\n\t\t\t<\/a>\n\t\t<\/div>\n\t\t\t\t\t\t\t<\/div>\n\t\t\t\n\t\t\n\t\t\t\t<div id=\"ngg-image-2\" class=\"ngg-gallery-thumbnail-box\"\n\t\t\t\t\t\t\t\t\t\t\t>\n\t\t\t\t\t\t<div class=\"ngg-gallery-thumbnail\">\n\t\t\t<a href=\"https:\/\/www.fsgestavayer.ch\/wp-content\/gallery\/finales-cantonales-sprint-2014\/DSC_21151.jpg\"\n\t\t\t\ttitle=\" \"\n\t\t\t\tdata-src=\"https:\/\/www.fsgestavayer.ch\/wp-content\/gallery\/finales-cantonales-sprint-2014\/DSC_21151.jpg\"\n\t\t\t\tdata-thumbnail=\"https:\/\/www.fsgestavayer.ch\/wp-content\/gallery\/finales-cantonales-sprint-2014\/thumbs\/thumbs_DSC_21151.jpg\"\n\t\t\t\tdata-image-id=\"152\"\n\t\t\t\tdata-title=\"DSC_2115[1]\"\n\t\t\t\tdata-description=\" \"\n\t\t\t\tdata-image-slug=\"dsc_21151\"\n\t\t\t\tclass=\"ngg-fancybox\" rel=\"c35577b1375e2ad6afc1bc6f37b67085\">\n\t\t\t\t<img\n\t\t\t\t\ttitle=\"DSC_2115[1]\"\n\t\t\t\t\talt=\"DSC_2115[1]\"\n\t\t\t\t\tsrc=\"https:\/\/www.fsgestavayer.ch\/wp-content\/gallery\/finales-cantonales-sprint-2014\/thumbs\/thumbs_DSC_21151.jpg\"\n\t\t\t\t\twidth=\"120\"\n\t\t\t\t\theight=\"90\"\n\t\t\t\t\tstyle=\"max-width:100%;\"\n\t\t\t\t\/>\n\t\t\t<\/a>\n\t\t<\/div>\n\t\t\t\t\t\t\t<\/div>\n\t\t\t\n\t\t\n\t\t\n\t\t<!-- Pagination -->\n\t\t<div class='ngg-clear'><\/div>\t<\/div>\n<\/p>\n","protected":false},"excerpt":{"rendered":"<p>Les finales cantonales de sprint et du 1000 m\u00e8tres se sont d\u00e9roul\u00e9es \u00e0 Fribourg ce samedi 5 Juillet. 5 athl\u00e8tes avaient d\u00e9croch\u00e9 leur qualification et <a class=\"more-link\" href=\"https:\/\/www.fsgestavayer.ch\/?p=893\">Continuer la lecture <span class=\"screen-reader-text\">  Finales cantonales &#8211; 60m et 1000m<\/span><span class=\"meta-nav\">&rarr;<\/span><\/a><\/p>\n","protected":false},"author":3,"featured_media":905,"comment_status":"closed","ping_status":"open","sticky":false,"template":"","format":"standard","meta":{"ngg_post_thumbnail":0,"footnotes":""},"categories":[4],"tags":[29],"class_list":["post-893","post","type-post","status-publish","format-standard","has-post-thumbnail","hentry","category-athletisme","tag-finales-cantonales"],"_links":{"self":[{"href":"https:\/\/www.fsgestavayer.ch\/index.php?rest_route=\/wp\/v2\/posts\/893","targetHints":{"allow":["GET"]}}],"collection":[{"href":"https:\/\/www.fsgestavayer.ch\/index.php?rest_route=\/wp\/v2\/posts"}],"about":[{"href":"https:\/\/www.fsgestavayer.ch\/index.php?rest_route=\/wp\/v2\/types\/post"}],"author":[{"embeddable":true,"href":"https:\/\/www.fsgestavayer.ch\/index.php?rest_route=\/wp\/v2\/users\/3"}],"replies":[{"embeddable":true,"href":"https:\/\/www.fsgestavayer.ch\/index.php?rest_route=%2Fwp%2Fv2%2Fcomments&post=893"}],"version-history":[{"count":0,"href":"https:\/\/www.fsgestavayer.ch\/index.php?rest_route=\/wp\/v2\/posts\/893\/revisions"}],"wp:featuredmedia":[{"embeddable":true,"href":"https:\/\/www.fsgestavayer.ch\/index.php?rest_route=\/wp\/v2\/media\/905"}],"wp:attachment":[{"href":"https:\/\/www.fsgestavayer.ch\/index.php?rest_route=%2Fwp%2Fv2%2Fmedia&parent=893"}],"wp:term":[{"taxonomy":"category","embeddable":true,"href":"https:\/\/www.fsgestavayer.ch\/index.php?rest_route=%2Fwp%2Fv2%2Fcategories&post=893"},{"taxonomy":"post_tag","embeddable":true,"href":"https:\/\/www.fsgestavayer.ch\/index.php?rest_route=%2Fwp%2Fv2%2Ftags&post=893"}],"curies":[{"name":"wp","href":"https:\/\/api.w.org\/{rel}","templated":true}]}}