{"id":8841,"date":"2021-11-12T22:43:57","date_gmt":"2021-11-12T21:43:57","guid":{"rendered":"https:\/\/www.fsgestavayer.ch\/?p=8841"},"modified":"2021-12-04T21:25:23","modified_gmt":"2021-12-04T20:25:23","slug":"__trashed","status":"publish","type":"post","link":"https:\/\/www.fsgestavayer.ch\/?p=8841","title":{"rendered":"UBS Kids Cup Team &#8211; infos COVID"},"content":{"rendered":"<p>L&rsquo;\u00e9liminatoire locale de l&rsquo;UBS Kids Cup Team \u00e0 Estavayer approche!<\/p>\n<p>Voici d\u00e9j\u00e0 les mesures COVID \u00e0 appliquer durant cette journ\u00e9e.<\/p>\n<p>Concept de protection : <a href=\"https:\/\/www.fsgestavayer.ch\/wp-contenu\/uploads\/2021\/12\/UBS-Kids-Cup-Team_Concept-de-protection_Estavayer_v2021_12_01.pdf\">UBS-Kids-Cup-Team_Concept-de-protection_Estavayer.pdf<\/a><\/p>\n\n\n<p><\/p>\n\n\n\n<p><strong>Principes fondamentaux<\/strong><\/p>\n\n\n\n<ol class=\"wp-block-list\"><li>\u00c0 la comp\u00e9tition seulement <strong>sans sympt\u00f4mes<\/strong><\/li><li><strong>Certificat covid obligatoire<\/strong> pour toute personne de <strong>plus de 16 ans<\/strong> pour entrer dans la salle (b\u00e9n\u00e9voles, coachs, parents, etc.)<\/li><li><strong>Port du masque obligatoire<\/strong> \u00e0 l\u2019int\u00e9rieur<\/li><li><strong>Hygi\u00e8ne<\/strong> r\u00e9guli\u00e8re des mains<\/li><li>Recommandation de <strong>ne pas utiliser les vestiaires<\/strong><\/li><li><strong>Restauration possible<\/strong> en respectant les <a href=\"https:\/\/www.gastrosuisse.ch\/fr\/portail-de-la-branche\/informations-sur-la-branche\/informations-covid-19\/plan-de-protection-de-la-branche-sous-covid-19\/\">r\u00e8glementations COVID-19 en vigueur pour les restaurants<\/a><\/li><li><strong>D\u00e9l\u00e9gu\u00e9 au corona de la comp\u00e9tition&nbsp;: C\u00e9dric P\u00fcrro, 079&nbsp;336 09 26<\/strong><\/li><\/ol>\n\n\n\n<p><strong>Contr\u00f4le des certificats covid, entr\u00e9e et sortie du b\u00e2timent.<\/strong><\/p>\n\n\n\n<ol class=\"wp-block-list\" type=\"a\"><li>Le contr\u00f4le des certificats (application covid-check) et pi\u00e8ces d\u2019identit\u00e9 se fait en plein air, devant l\u2019entr\u00e9e de la salle durant les heures d\u2019affluence (07h00-08h30 et 12h30-13h30) puis \u00e0 l\u2019int\u00e9rieur durant les autres cr\u00e9neaux horaires, par plusieurs b\u00e9n\u00e9voles. Un <strong>bracelet<\/strong> est fix\u00e9<strong>\/un tampon<\/strong> est fait sur le poignet \u00e0 la personne ayant attest\u00e9 d\u2019un certificat covid valable. Cette marque lui permettra par la suite de ne plus devoir montrer \u00e0 nouveau son certificat durant la manifestation.<\/li><li>Les participant-e-s\/athl\u00e8tes\/spectateurs\/b\u00e9n\u00e9voles utiliseront <strong>toujours la m\u00eame entr\u00e9e et la m\u00eame sortie<\/strong>, qui sont pr\u00e9vues \u00e0 deux endroits diff\u00e9rents, visibles sur le plan ci-apr\u00e8s. Des panneaux indiqueront ces entr\u00e9es et sorties.<\/li><li>Pour garantir une certaine fluidit\u00e9, il est demand\u00e9 aux personnes de plus de 16 ans de <strong>pr\u00e9parer leur certificat ainsi que leur carte d\u2019identit\u00e9 \u00e0 l\u2019ext\u00e9rieur du b\u00e2timent<\/strong>.<br><br><\/li><\/ol>\n\n\n\n<figure class=\"wp-block-image size-large\"><a href=\"https:\/\/www.fsgestavayer.ch\/wp-contenu\/uploads\/2021\/11\/image-1.png\"><img loading=\"lazy\" decoding=\"async\" width=\"978\" height=\"844\" src=\"https:\/\/www.fsgestavayer.ch\/wp-contenu\/uploads\/2021\/11\/image-1.png\" alt=\"\" class=\"wp-image-8845\" srcset=\"https:\/\/www.fsgestavayer.ch\/wp-contenu\/uploads\/2021\/11\/image-1.png 978w, https:\/\/www.fsgestavayer.ch\/wp-contenu\/uploads\/2021\/11\/image-1-300x259.png 300w, https:\/\/www.fsgestavayer.ch\/wp-contenu\/uploads\/2021\/11\/image-1-768x663.png 768w\" sizes=\"auto, (max-width: 978px) 100vw, 978px\" \/><\/a><\/figure>\n\n\n\n<p><strong>Autres points \u00e0 l\u2019intention des athl\u00e8tes et des coachs<\/strong><\/p>\n\n\n\n<ol class=\"wp-block-list\" type=\"a\"><li><strong>R\u00e9partition des dossards et des cadeaux<\/strong><\/li><\/ol>\n\n\n\n<p>Les dossards et les cadeaux des participants seront collect\u00e9s par le chef d&rsquo;\u00e9quipe et ensuite distribu\u00e9s aux enfants de l&rsquo;\u00e9quipe.<\/p>\n\n\n\n<ol class=\"wp-block-list\" type=\"a\" start=\"2\"><li><strong>Bandeaux pour biathlon<\/strong><\/li><\/ol>\n\n\n\n<p>Pour distinguer les \u00e9quipes dans le biathlon, des bandeaux de couleurs diff\u00e9rentes seront fournis \u00e0 chaque \u00e9quipe \u00e0 la place des tricots pour des raisons d&rsquo;hygi\u00e8ne. Les bandeaux pour les enfants seront remis aux \u00e9quipes juste avant le biathlon et ne doivent pas \u00eatre rendus.<\/p>\n\n\n\n<ol class=\"wp-block-list\" type=\"a\" start=\"3\"><li><strong>C\u00e9r\u00e9monie de remise des prix<\/strong><\/li><\/ol>\n\n\n\n<p>Pour la c\u00e9r\u00e9monie de remise des prix, les \u00e9quipes sont r\u00e9parties \u00e0 une distance suffisante dans la salle. On renoncera aux poign\u00e9es de main traditionnelles entre les \u00e9quipes, mais le <strong>poing contre poing est autoris\u00e9<\/strong>. Les m\u00e9dailles peuvent \u00eatre remises normalement.<\/p>\n","protected":false},"excerpt":{"rendered":"<p>L&rsquo;\u00e9liminatoire locale de l&rsquo;UBS Kids Cup Team \u00e0 Estavayer approche! Voici d\u00e9j\u00e0 les mesures COVID \u00e0 appliquer durant cette journ\u00e9e. Concept de protection : UBS-Kids-Cup-Team_Concept-de-protection_Estavayer.pdf <a class=\"more-link\" href=\"https:\/\/www.fsgestavayer.ch\/?p=8841\">Continuer la lecture <span class=\"screen-reader-text\">  UBS Kids Cup Team &#8211; infos COVID<\/span><span class=\"meta-nav\">&rarr;<\/span><\/a><\/p>\n","protected":false},"author":3,"featured_media":8852,"comment_status":"closed","ping_status":"open","sticky":false,"template":"","format":"standard","meta":{"ngg_post_thumbnail":0,"footnotes":""},"categories":[4],"tags":[19],"class_list":["post-8841","post","type-post","status-publish","format-standard","has-post-thumbnail","hentry","category-athletisme","tag-kids-cup"],"_links":{"self":[{"href":"https:\/\/www.fsgestavayer.ch\/index.php?rest_route=\/wp\/v2\/posts\/8841","targetHints":{"allow":["GET"]}}],"collection":[{"href":"https:\/\/www.fsgestavayer.ch\/index.php?rest_route=\/wp\/v2\/posts"}],"about":[{"href":"https:\/\/www.fsgestavayer.ch\/index.php?rest_route=\/wp\/v2\/types\/post"}],"author":[{"embeddable":true,"href":"https:\/\/www.fsgestavayer.ch\/index.php?rest_route=\/wp\/v2\/users\/3"}],"replies":[{"embeddable":true,"href":"https:\/\/www.fsgestavayer.ch\/index.php?rest_route=%2Fwp%2Fv2%2Fcomments&post=8841"}],"version-history":[{"count":9,"href":"https:\/\/www.fsgestavayer.ch\/index.php?rest_route=\/wp\/v2\/posts\/8841\/revisions"}],"predecessor-version":[{"id":8868,"href":"https:\/\/www.fsgestavayer.ch\/index.php?rest_route=\/wp\/v2\/posts\/8841\/revisions\/8868"}],"wp:featuredmedia":[{"embeddable":true,"href":"https:\/\/www.fsgestavayer.ch\/index.php?rest_route=\/wp\/v2\/media\/8852"}],"wp:attachment":[{"href":"https:\/\/www.fsgestavayer.ch\/index.php?rest_route=%2Fwp%2Fv2%2Fmedia&parent=8841"}],"wp:term":[{"taxonomy":"category","embeddable":true,"href":"https:\/\/www.fsgestavayer.ch\/index.php?rest_route=%2Fwp%2Fv2%2Fcategories&post=8841"},{"taxonomy":"post_tag","embeddable":true,"href":"https:\/\/www.fsgestavayer.ch\/index.php?rest_route=%2Fwp%2Fv2%2Ftags&post=8841"}],"curies":[{"name":"wp","href":"https:\/\/api.w.org\/{rel}","templated":true}]}}