{"id":8802,"date":"2021-10-21T14:25:10","date_gmt":"2021-10-21T12:25:10","guid":{"rendered":"https:\/\/www.fsgestavayer.ch\/?p=8802"},"modified":"2021-10-21T16:50:17","modified_gmt":"2021-10-21T14:50:17","slug":"une-assemblee-generale-pas-tout-a-fait-ordinaire","status":"publish","type":"post","link":"https:\/\/www.fsgestavayer.ch\/?p=8802","title":{"rendered":"Une Assembl\u00e9e G\u00e9n\u00e9rale pas tout-\u00e0-fait ordinaire"},"content":{"rendered":"\n<p>L\u2019Assembl\u00e9e G\u00e9n\u00e9rale de la FSG Estavayer s\u2019est tenue ce samedi 16 Octobre \u2013 pour une fois au milieu de la for\u00eat, afin de respecter facilement les restrictions sanitaires. Le bilan de la saison 2020-2021 a bien s\u00fbr \u00e9t\u00e9 marqu\u00e9 par le COVID&nbsp;; de nombreux groupes ont d\u00fb fortement diminuer leur activit\u00e9 et la plupart des manifestations ont \u00e9t\u00e9 annul\u00e9es. Heureusement, la soci\u00e9t\u00e9 a pu compter sur la solidarit\u00e9 de ses membres et b\u00e9n\u00e9ficier de mesures de soutien importantes, ce qui a permis de garder une bonne situation financi\u00e8re. La motivation de tous les groupes est plus forte que jamais pour la saison qui d\u00e9bute, et nous devrions pouvoir profiter de toutes les manifestations habituelles cette ann\u00e9e.<\/p>\n\n\n\n<p>Sur le plan sportif, Charl\u00e8ne Beutler, Jonas Beutler et Julie Dubois ont \u00e9t\u00e9 f\u00e9licit\u00e9s pour leurs performances lors de la finale suisse du 1000 Gruy\u00e8res.<\/p>\n\n\n\n<p>Sur le plan de la vie de la soci\u00e9t\u00e9, cette assembl\u00e9e g\u00e9n\u00e9rale a act\u00e9 des changements importants. Nous avons pu saluer l\u2019anniversaire de 50 ans (!) de Silviane Buchs en tant que membre active et celui de 20 ans en tant que monitrice d\u2019Anne Giacomotti au sein de la soci\u00e9t\u00e9. Nous avons pu remercier pour leur travail plusieurs moniteurs qui ont maintenant c\u00e9d\u00e9 leur place. Citons en particulier M\u00e9lanie Arijon, qui a aussi beaucoup travaill\u00e9 \u00e0 la coordination de tous les groupes volley, ainsi qu\u2019Etienne Marmy &amp; Stefan Renfer, qui ont \u00e9t\u00e9 moniteurs durant de nombreuses ann\u00e9es, coordinateurs des groupes athl\u00e9tismes, des inscriptions aux comp\u00e9titions, coachs lors d\u2019innombrables comp\u00e9titions, organisateurs de l\u2019UBS Kids Cup Team. Ces 2 derniers ont \u00e9t\u00e9 nomm\u00e9s Membres d\u2019Honneur de la Soci\u00e9t\u00e9&nbsp;en remerciement pour leurs bons et loyaux services&nbsp;!<\/p>\n\n\n\n<p>C\u2019est \u00e9videmment le d\u00e9part de C\u00e9dric P\u00fcrro de son poste de Pr\u00e9sident que nous avons aussi c\u00e9l\u00e9br\u00e9\u00a0! La continuit\u00e9 de la pr\u00e9sidence est assur\u00e9e par Nathalie Martin et B\u00e9atrice Brasey, qui reprennent en bin\u00f4me cette fonction, et Laura Bise rejoint l\u2019\u00e9quipe du comit\u00e9. Merci \u00e0 elles\u00a0!<\/p>\n\n\n\n<p>Nathalie a rendu hommage au pr\u00e9sident sortant et retrac\u00e9 le parcours de C\u00e9dric au sein de la soci\u00e9t\u00e9&nbsp;: membre du groupe agr\u00e8s, de l\u2019athl\u00e9tisme, puis moniteur d\u2019athl\u00e9tisme, 20 ans membre du comit\u00e9 dont 10 ans comme pr\u00e9sident. C\u00e9dric a en particulier mis sur pied la suisse.bouge ainsi que l\u2019UBS Kids Cup Team. Les anciens de la soci\u00e9t\u00e9 ont aussi salu\u00e9 le d\u00e9vouement et les qualit\u00e9s humaines de C\u00e9dric, qui a fortement contribu\u00e9 \u00e0 maintenir cet esprit si positif que nous connaissons \u00e0 la FSG Estavayer.<\/p>\n\n\n\n<p>C\u00e9dric nous a fait ses adieux en tant que pr\u00e9sident de mani\u00e8re tr\u00e8s chaleureuse et voit avec plaisir un nouveau cycle d\u00e9buter avec ses filles devenues \u00e0 leur tour membres de la soci\u00e9t\u00e9. Merci \u00e0 C\u00e9dric, nomm\u00e9 Pr\u00e9sident d\u2019Honneur, et longue vie \u00e0 la FSG Estavayer&nbsp;!<\/p>\n\n\n\nngg_shortcode_0_placeholder\n","protected":false},"excerpt":{"rendered":"<p>L\u2019Assembl\u00e9e G\u00e9n\u00e9rale de la FSG Estavayer s\u2019est tenue ce samedi 16 Octobre \u2013 pour une fois au milieu de la for\u00eat, afin de respecter facilement <a class=\"more-link\" href=\"https:\/\/www.fsgestavayer.ch\/?p=8802\">Continuer la lecture <span class=\"screen-reader-text\">  Une Assembl\u00e9e G\u00e9n\u00e9rale pas tout-\u00e0-fait ordinaire<\/span><span class=\"meta-nav\">&rarr;<\/span><\/a><\/p>\n","protected":false},"author":3,"featured_media":8809,"comment_status":"closed","ping_status":"open","sticky":false,"template":"","format":"standard","meta":{"ngg_post_thumbnail":3161,"footnotes":""},"categories":[16],"tags":[],"class_list":["post-8802","post","type-post","status-publish","format-standard","has-post-thumbnail","hentry","category-comite"],"_links":{"self":[{"href":"https:\/\/www.fsgestavayer.ch\/index.php?rest_route=\/wp\/v2\/posts\/8802","targetHints":{"allow":["GET"]}}],"collection":[{"href":"https:\/\/www.fsgestavayer.ch\/index.php?rest_route=\/wp\/v2\/posts"}],"about":[{"href":"https:\/\/www.fsgestavayer.ch\/index.php?rest_route=\/wp\/v2\/types\/post"}],"author":[{"embeddable":true,"href":"https:\/\/www.fsgestavayer.ch\/index.php?rest_route=\/wp\/v2\/users\/3"}],"replies":[{"embeddable":true,"href":"https:\/\/www.fsgestavayer.ch\/index.php?rest_route=%2Fwp%2Fv2%2Fcomments&post=8802"}],"version-history":[{"count":3,"href":"https:\/\/www.fsgestavayer.ch\/index.php?rest_route=\/wp\/v2\/posts\/8802\/revisions"}],"predecessor-version":[{"id":8811,"href":"https:\/\/www.fsgestavayer.ch\/index.php?rest_route=\/wp\/v2\/posts\/8802\/revisions\/8811"}],"wp:featuredmedia":[{"embeddable":true,"href":"https:\/\/www.fsgestavayer.ch\/index.php?rest_route=\/wp\/v2\/media\/8809"}],"wp:attachment":[{"href":"https:\/\/www.fsgestavayer.ch\/index.php?rest_route=%2Fwp%2Fv2%2Fmedia&parent=8802"}],"wp:term":[{"taxonomy":"category","embeddable":true,"href":"https:\/\/www.fsgestavayer.ch\/index.php?rest_route=%2Fwp%2Fv2%2Fcategories&post=8802"},{"taxonomy":"post_tag","embeddable":true,"href":"https:\/\/www.fsgestavayer.ch\/index.php?rest_route=%2Fwp%2Fv2%2Ftags&post=8802"}],"curies":[{"name":"wp","href":"https:\/\/api.w.org\/{rel}","templated":true}]}}