{"id":8782,"date":"2021-09-23T17:08:27","date_gmt":"2021-09-23T15:08:27","guid":{"rendered":"https:\/\/www.fsgestavayer.ch\/?p=8782"},"modified":"2021-09-23T17:10:07","modified_gmt":"2021-09-23T15:10:07","slug":"la-saison-des-finales","status":"publish","type":"post","link":"https:\/\/www.fsgestavayer.ch\/?p=8782","title":{"rendered":"La saison des finales!"},"content":{"rendered":"\n<p>Nos athl\u00e8tes les plus valeureux participent en ce moment \u00e0 plusieurs finales suisses, des moments m\u00e9morables pour ces champions en herbe!<\/p>\n\n\n\n<p>Les meilleurs jeunes athl\u00e8tes de demi-fond du pays \u00e9taient au d\u00e9part d\u2019une course poursuite dans le cadre du meeting \u00ab\u00a0Weltklasse Zurich\u00a0\u00bb. Parmi ces athl\u00e8tes figuraient Julie Dubois et Jonas Beutler de la FSG Estavayer qui se sont qualifi\u00e9s lors de la finale suisse du Mille Gruy\u00e8re 2020.<\/p>\n\n\n\n<figure class=\"wp-block-image size-large\"><a href=\"https:\/\/www.fsgestavayer.ch\/wp-contenu\/uploads\/2021\/09\/WhatsApp-Image-2021-09-10-at-09.17.54.jpeg\"><img loading=\"lazy\" decoding=\"async\" width=\"768\" height=\"1024\" src=\"https:\/\/www.fsgestavayer.ch\/wp-contenu\/uploads\/2021\/09\/WhatsApp-Image-2021-09-10-at-09.17.54-768x1024.jpeg\" alt=\"\" class=\"wp-image-8783\" srcset=\"https:\/\/www.fsgestavayer.ch\/wp-contenu\/uploads\/2021\/09\/WhatsApp-Image-2021-09-10-at-09.17.54-768x1024.jpeg 768w, https:\/\/www.fsgestavayer.ch\/wp-contenu\/uploads\/2021\/09\/WhatsApp-Image-2021-09-10-at-09.17.54-225x300.jpeg 225w, https:\/\/www.fsgestavayer.ch\/wp-contenu\/uploads\/2021\/09\/WhatsApp-Image-2021-09-10-at-09.17.54-1152x1536.jpeg 1152w, https:\/\/www.fsgestavayer.ch\/wp-contenu\/uploads\/2021\/09\/WhatsApp-Image-2021-09-10-at-09.17.54.jpeg 1536w\" sizes=\"auto, (max-width: 768px) 100vw, 768px\" \/><\/a><\/figure>\n\n\n\n<figure class=\"wp-block-image size-large\"><a href=\"https:\/\/www.fsgestavayer.ch\/wp-contenu\/uploads\/2021\/09\/WhatsApp-Image-2021-09-10-at-09.18.36.jpeg\"><img loading=\"lazy\" decoding=\"async\" width=\"1024\" height=\"768\" src=\"https:\/\/www.fsgestavayer.ch\/wp-contenu\/uploads\/2021\/09\/WhatsApp-Image-2021-09-10-at-09.18.36-1024x768.jpeg\" alt=\"\" class=\"wp-image-8784\" srcset=\"https:\/\/www.fsgestavayer.ch\/wp-contenu\/uploads\/2021\/09\/WhatsApp-Image-2021-09-10-at-09.18.36-1024x768.jpeg 1024w, https:\/\/www.fsgestavayer.ch\/wp-contenu\/uploads\/2021\/09\/WhatsApp-Image-2021-09-10-at-09.18.36-300x225.jpeg 300w, https:\/\/www.fsgestavayer.ch\/wp-contenu\/uploads\/2021\/09\/WhatsApp-Image-2021-09-10-at-09.18.36-768x576.jpeg 768w, https:\/\/www.fsgestavayer.ch\/wp-contenu\/uploads\/2021\/09\/WhatsApp-Image-2021-09-10-at-09.18.36-1536x1152.jpeg 1536w, https:\/\/www.fsgestavayer.ch\/wp-contenu\/uploads\/2021\/09\/WhatsApp-Image-2021-09-10-at-09.18.36.jpeg 2048w\" sizes=\"auto, (max-width: 1024px) 100vw, 1024px\" \/><\/a><figcaption>Julie et Jonas, accompagn\u00e9s d\u2019Elora Gurnham du CA Broyard.<\/figcaption><\/figure>\n\n\n\n<p>Le 11 Septembre, toujours au Letzigrund, Luca Clerc a particip\u00e9 \u00e0 la finale suisse de l&rsquo;UBS Kids Cup en individuel :<\/p>\n\n\n\n<figure class=\"wp-block-image size-large\"><a href=\"https:\/\/www.fsgestavayer.ch\/wp-contenu\/uploads\/2021\/09\/WhatsApp-Image-2021-09-18-at-20.00.25-1.jpeg\"><img loading=\"lazy\" decoding=\"async\" width=\"1024\" height=\"768\" src=\"https:\/\/www.fsgestavayer.ch\/wp-contenu\/uploads\/2021\/09\/WhatsApp-Image-2021-09-18-at-20.00.25-1.jpeg\" alt=\"\" class=\"wp-image-8785\" srcset=\"https:\/\/www.fsgestavayer.ch\/wp-contenu\/uploads\/2021\/09\/WhatsApp-Image-2021-09-18-at-20.00.25-1.jpeg 1024w, https:\/\/www.fsgestavayer.ch\/wp-contenu\/uploads\/2021\/09\/WhatsApp-Image-2021-09-18-at-20.00.25-1-300x225.jpeg 300w, https:\/\/www.fsgestavayer.ch\/wp-contenu\/uploads\/2021\/09\/WhatsApp-Image-2021-09-18-at-20.00.25-1-768x576.jpeg 768w\" sizes=\"auto, (max-width: 1024px) 100vw, 1024px\" \/><\/a><\/figure>\n\n\n\n<figure class=\"wp-block-image size-large\"><a href=\"https:\/\/www.fsgestavayer.ch\/wp-contenu\/uploads\/2021\/09\/WhatsApp-Image-2021-09-18-at-20.00.25.jpeg\"><img loading=\"lazy\" decoding=\"async\" width=\"744\" height=\"1024\" src=\"https:\/\/www.fsgestavayer.ch\/wp-contenu\/uploads\/2021\/09\/WhatsApp-Image-2021-09-18-at-20.00.25.jpeg\" alt=\"\" class=\"wp-image-8786\" srcset=\"https:\/\/www.fsgestavayer.ch\/wp-contenu\/uploads\/2021\/09\/WhatsApp-Image-2021-09-18-at-20.00.25.jpeg 744w, https:\/\/www.fsgestavayer.ch\/wp-contenu\/uploads\/2021\/09\/WhatsApp-Image-2021-09-18-at-20.00.25-218x300.jpeg 218w\" sizes=\"auto, (max-width: 744px) 100vw, 744px\" \/><\/a><figcaption>Luca a remport\u00e9 l&rsquo;\u00e9liminatoire locale, puis la finale cantonale en participant comme \u00e9colier. Ce succ\u00e8s m\u00e9morable l&rsquo;a encourag\u00e9 \u00e0 poursuivre l&rsquo;athl\u00e9tisme, et il a maintenant rejoint la FSG! <\/figcaption><\/figure>\n\n\n\n<p>Croisons maintenant les doigts pour la prochaine finale : la finale suisse du Mille Gruy\u00e8re (1000m) se d\u00e9roulera samedi apr\u00e8s-midi \u00e0 Appenzell. Julie Dubois (w13), Charl\u00e8ne Beutler (w14) et Jonas Beutler (m12) y participeront pour la FSG Estavayer. <br><a href=\"https:\/\/www.mille-gruyere.ch\/fr\/concours\/finale\/\" target=\"_blank\" rel=\"noreferrer noopener\">https:\/\/www.mille-gruyere.ch\/fr\/concours\/finale\/<\/a><\/p>\n","protected":false},"excerpt":{"rendered":"<p>Nos athl\u00e8tes les plus valeureux participent en ce moment \u00e0 plusieurs finales suisses, des moments m\u00e9morables pour ces champions en herbe! Les meilleurs jeunes athl\u00e8tes <a class=\"more-link\" href=\"https:\/\/www.fsgestavayer.ch\/?p=8782\">Continuer la lecture <span class=\"screen-reader-text\">  La saison des finales!<\/span><span class=\"meta-nav\">&rarr;<\/span><\/a><\/p>\n","protected":false},"author":3,"featured_media":8783,"comment_status":"closed","ping_status":"open","sticky":false,"template":"","format":"standard","meta":{"ngg_post_thumbnail":0,"footnotes":""},"categories":[4],"tags":[],"class_list":["post-8782","post","type-post","status-publish","format-standard","has-post-thumbnail","hentry","category-athletisme"],"_links":{"self":[{"href":"https:\/\/www.fsgestavayer.ch\/index.php?rest_route=\/wp\/v2\/posts\/8782","targetHints":{"allow":["GET"]}}],"collection":[{"href":"https:\/\/www.fsgestavayer.ch\/index.php?rest_route=\/wp\/v2\/posts"}],"about":[{"href":"https:\/\/www.fsgestavayer.ch\/index.php?rest_route=\/wp\/v2\/types\/post"}],"author":[{"embeddable":true,"href":"https:\/\/www.fsgestavayer.ch\/index.php?rest_route=\/wp\/v2\/users\/3"}],"replies":[{"embeddable":true,"href":"https:\/\/www.fsgestavayer.ch\/index.php?rest_route=%2Fwp%2Fv2%2Fcomments&post=8782"}],"version-history":[{"count":2,"href":"https:\/\/www.fsgestavayer.ch\/index.php?rest_route=\/wp\/v2\/posts\/8782\/revisions"}],"predecessor-version":[{"id":8788,"href":"https:\/\/www.fsgestavayer.ch\/index.php?rest_route=\/wp\/v2\/posts\/8782\/revisions\/8788"}],"wp:featuredmedia":[{"embeddable":true,"href":"https:\/\/www.fsgestavayer.ch\/index.php?rest_route=\/wp\/v2\/media\/8783"}],"wp:attachment":[{"href":"https:\/\/www.fsgestavayer.ch\/index.php?rest_route=%2Fwp%2Fv2%2Fmedia&parent=8782"}],"wp:term":[{"taxonomy":"category","embeddable":true,"href":"https:\/\/www.fsgestavayer.ch\/index.php?rest_route=%2Fwp%2Fv2%2Fcategories&post=8782"},{"taxonomy":"post_tag","embeddable":true,"href":"https:\/\/www.fsgestavayer.ch\/index.php?rest_route=%2Fwp%2Fv2%2Ftags&post=8782"}],"curies":[{"name":"wp","href":"https:\/\/api.w.org\/{rel}","templated":true}]}}