{"id":8769,"date":"2021-09-06T13:40:40","date_gmt":"2021-09-06T11:40:40","guid":{"rendered":"https:\/\/www.fsgestavayer.ch\/?p=8769"},"modified":"2021-09-06T13:44:44","modified_gmt":"2021-09-06T11:44:44","slug":"nouveau-groupe-gym-enfantine-pour-les-1-2h","status":"publish","type":"post","link":"https:\/\/www.fsgestavayer.ch\/?p=8769","title":{"rendered":"Nouveau groupe Gym Enfantine pour les 1-2H"},"content":{"rendered":"\n<p>Votre enfant est dans la tranche d&rsquo;\u00e2ge 1H-2H et vous cherchez une activit\u00e9 sportive?<br>Rejoignez notre nouveau groupe de Gym Enfantine, tous les mardi de 17h15 \u00e0 18h15 \u00e0 l&rsquo;Amarante!<\/p>\n\n\n\n<p>Plus d&rsquo;infos : Elisa,&nbsp;079 909 89 75<\/p>\n","protected":false},"excerpt":{"rendered":"<p>Votre enfant est dans la tranche d&rsquo;\u00e2ge 1H-2H et vous cherchez une activit\u00e9 sportive?Rejoignez notre nouveau groupe de Gym Enfantine, tous les mardi de 17h15 <a class=\"more-link\" href=\"https:\/\/www.fsgestavayer.ch\/?p=8769\">Continuer la lecture <span class=\"screen-reader-text\">  Nouveau groupe Gym Enfantine pour les 1-2H<\/span><span class=\"meta-nav\">&rarr;<\/span><\/a><\/p>\n","protected":false},"author":3,"featured_media":8772,"comment_status":"closed","ping_status":"open","sticky":false,"template":"","format":"standard","meta":{"ngg_post_thumbnail":2565,"footnotes":""},"categories":[6],"tags":[],"class_list":["post-8769","post","type-post","status-publish","format-standard","has-post-thumbnail","hentry","category-enfantines"],"_links":{"self":[{"href":"https:\/\/www.fsgestavayer.ch\/index.php?rest_route=\/wp\/v2\/posts\/8769","targetHints":{"allow":["GET"]}}],"collection":[{"href":"https:\/\/www.fsgestavayer.ch\/index.php?rest_route=\/wp\/v2\/posts"}],"about":[{"href":"https:\/\/www.fsgestavayer.ch\/index.php?rest_route=\/wp\/v2\/types\/post"}],"author":[{"embeddable":true,"href":"https:\/\/www.fsgestavayer.ch\/index.php?rest_route=\/wp\/v2\/users\/3"}],"replies":[{"embeddable":true,"href":"https:\/\/www.fsgestavayer.ch\/index.php?rest_route=%2Fwp%2Fv2%2Fcomments&post=8769"}],"version-history":[{"count":2,"href":"https:\/\/www.fsgestavayer.ch\/index.php?rest_route=\/wp\/v2\/posts\/8769\/revisions"}],"predecessor-version":[{"id":8773,"href":"https:\/\/www.fsgestavayer.ch\/index.php?rest_route=\/wp\/v2\/posts\/8769\/revisions\/8773"}],"wp:featuredmedia":[{"embeddable":true,"href":"https:\/\/www.fsgestavayer.ch\/index.php?rest_route=\/wp\/v2\/media\/8772"}],"wp:attachment":[{"href":"https:\/\/www.fsgestavayer.ch\/index.php?rest_route=%2Fwp%2Fv2%2Fmedia&parent=8769"}],"wp:term":[{"taxonomy":"category","embeddable":true,"href":"https:\/\/www.fsgestavayer.ch\/index.php?rest_route=%2Fwp%2Fv2%2Fcategories&post=8769"},{"taxonomy":"post_tag","embeddable":true,"href":"https:\/\/www.fsgestavayer.ch\/index.php?rest_route=%2Fwp%2Fv2%2Ftags&post=8769"}],"curies":[{"name":"wp","href":"https:\/\/api.w.org\/{rel}","templated":true}]}}