{"id":8713,"date":"2021-07-13T11:05:00","date_gmt":"2021-07-13T09:05:00","guid":{"rendered":"https:\/\/www.fsgestavayer.ch\/?p=8713"},"modified":"2021-07-13T11:06:03","modified_gmt":"2021-07-13T09:06:03","slug":"athletisme-finales-fribourgeoises","status":"publish","type":"post","link":"https:\/\/www.fsgestavayer.ch\/?p=8713","title":{"rendered":"Athl\u00e9tisme : finales fribourgeoises"},"content":{"rendered":"\n<p>Nos athl\u00e8tes ont brill\u00e9 lors des finales fribourgeoises : M\u00e9daille de bronze en sprint pour Thomas, m\u00e9dailles d&rsquo;or en 1000m pour Julie, Charl\u00e8ne et Jonas, et \u00e9galement m\u00e9daille de bronze pour Pamela!<br><br>Bravo \u00e0 eux, et rendez-vous \u00e0 la finale suisse pour nos 3 coureurs victorieux!<\/p>\n\n\n\n<figure class=\"wp-block-image size-large\"><a href=\"https:\/\/www.fsgestavayer.ch\/wp-contenu\/uploads\/2021\/07\/finales-fribourgeoises-21a.jpg\"><img loading=\"lazy\" decoding=\"async\" width=\"1024\" height=\"768\" src=\"https:\/\/www.fsgestavayer.ch\/wp-contenu\/uploads\/2021\/07\/finales-fribourgeoises-21a.jpg\" alt=\"\" class=\"wp-image-8714\" srcset=\"https:\/\/www.fsgestavayer.ch\/wp-contenu\/uploads\/2021\/07\/finales-fribourgeoises-21a.jpg 1024w, https:\/\/www.fsgestavayer.ch\/wp-contenu\/uploads\/2021\/07\/finales-fribourgeoises-21a-300x225.jpg 300w, https:\/\/www.fsgestavayer.ch\/wp-contenu\/uploads\/2021\/07\/finales-fribourgeoises-21a-768x576.jpg 768w\" sizes=\"auto, (max-width: 1024px) 100vw, 1024px\" \/><\/a><\/figure>\n\n\n\n<figure class=\"wp-block-image size-large\"><a href=\"https:\/\/www.fsgestavayer.ch\/wp-contenu\/uploads\/2021\/07\/finales-fribourgeoises-21b.jpg\"><img loading=\"lazy\" decoding=\"async\" width=\"768\" height=\"1024\" src=\"https:\/\/www.fsgestavayer.ch\/wp-contenu\/uploads\/2021\/07\/finales-fribourgeoises-21b-768x1024.jpg\" alt=\"\" class=\"wp-image-8715\" srcset=\"https:\/\/www.fsgestavayer.ch\/wp-contenu\/uploads\/2021\/07\/finales-fribourgeoises-21b-768x1024.jpg 768w, https:\/\/www.fsgestavayer.ch\/wp-contenu\/uploads\/2021\/07\/finales-fribourgeoises-21b-225x300.jpg 225w, https:\/\/www.fsgestavayer.ch\/wp-contenu\/uploads\/2021\/07\/finales-fribourgeoises-21b-1152x1536.jpg 1152w, https:\/\/www.fsgestavayer.ch\/wp-contenu\/uploads\/2021\/07\/finales-fribourgeoises-21b.jpg 1536w\" sizes=\"auto, (max-width: 768px) 100vw, 768px\" \/><\/a><\/figure>\n","protected":false},"excerpt":{"rendered":"<p>Nos athl\u00e8tes ont brill\u00e9 lors des finales fribourgeoises : M\u00e9daille de bronze en sprint pour Thomas, m\u00e9dailles d&rsquo;or en 1000m pour Julie, Charl\u00e8ne et Jonas, <a class=\"more-link\" href=\"https:\/\/www.fsgestavayer.ch\/?p=8713\">Continuer la lecture <span class=\"screen-reader-text\">  Athl\u00e9tisme : finales fribourgeoises<\/span><span class=\"meta-nav\">&rarr;<\/span><\/a><\/p>\n","protected":false},"author":3,"featured_media":8715,"comment_status":"closed","ping_status":"open","sticky":false,"template":"","format":"standard","meta":{"ngg_post_thumbnail":0,"footnotes":""},"categories":[4],"tags":[],"class_list":["post-8713","post","type-post","status-publish","format-standard","has-post-thumbnail","hentry","category-athletisme"],"_links":{"self":[{"href":"https:\/\/www.fsgestavayer.ch\/index.php?rest_route=\/wp\/v2\/posts\/8713","targetHints":{"allow":["GET"]}}],"collection":[{"href":"https:\/\/www.fsgestavayer.ch\/index.php?rest_route=\/wp\/v2\/posts"}],"about":[{"href":"https:\/\/www.fsgestavayer.ch\/index.php?rest_route=\/wp\/v2\/types\/post"}],"author":[{"embeddable":true,"href":"https:\/\/www.fsgestavayer.ch\/index.php?rest_route=\/wp\/v2\/users\/3"}],"replies":[{"embeddable":true,"href":"https:\/\/www.fsgestavayer.ch\/index.php?rest_route=%2Fwp%2Fv2%2Fcomments&post=8713"}],"version-history":[{"count":1,"href":"https:\/\/www.fsgestavayer.ch\/index.php?rest_route=\/wp\/v2\/posts\/8713\/revisions"}],"predecessor-version":[{"id":8716,"href":"https:\/\/www.fsgestavayer.ch\/index.php?rest_route=\/wp\/v2\/posts\/8713\/revisions\/8716"}],"wp:featuredmedia":[{"embeddable":true,"href":"https:\/\/www.fsgestavayer.ch\/index.php?rest_route=\/wp\/v2\/media\/8715"}],"wp:attachment":[{"href":"https:\/\/www.fsgestavayer.ch\/index.php?rest_route=%2Fwp%2Fv2%2Fmedia&parent=8713"}],"wp:term":[{"taxonomy":"category","embeddable":true,"href":"https:\/\/www.fsgestavayer.ch\/index.php?rest_route=%2Fwp%2Fv2%2Fcategories&post=8713"},{"taxonomy":"post_tag","embeddable":true,"href":"https:\/\/www.fsgestavayer.ch\/index.php?rest_route=%2Fwp%2Fv2%2Ftags&post=8713"}],"curies":[{"name":"wp","href":"https:\/\/api.w.org\/{rel}","templated":true}]}}