{"id":8601,"date":"2020-09-28T13:53:21","date_gmt":"2020-09-28T11:53:21","guid":{"rendered":"http:\/\/www.fsgestavayer.ch\/?p=8601"},"modified":"2020-09-28T13:53:23","modified_gmt":"2020-09-28T11:53:23","slug":"finale-suisse-mille-gruyere","status":"publish","type":"post","link":"https:\/\/www.fsgestavayer.ch\/?p=8601","title":{"rendered":"Finale Suisse MilLe Gruy\u00e8re"},"content":{"rendered":"\n<p>La finale Suisse du MilLe Gruy\u00e8re a r\u00e9uni pr\u00e8s de 370\nathl\u00e8tes de 10 \u00e0 15 ans, la rel\u00e8ve du demi-fond Suisse, samedi apr\u00e8s-midi \u00e0\nMonthey.<\/p>\n\n\n\n<p>&nbsp;Parmi eux, trois\nathl\u00e8tes de la FSG Estavayer qui s\u2019\u00e9taient qualifi\u00e9s en remportant leur course\nde 1000m lors de la finale cantonale. <\/p>\n\n\n\n<p>Les trois athl\u00e8tes broyards se sont distingu\u00e9s face \u00e0 la forte concurrence. Ainsi, Julie Dubois s\u2019est empar\u00e9e de la m\u00e9daille de bronze chez les filles de 12ans, am\u00e9liorant nettement sa meilleure performance sur 1000m en 3\u201903s. Jonas Beutler termine avec panache au pied du podium (4\u00e8me). Enfin, pour sa premi\u00e8re finale Suisse, Pamela Aeschlimmann s\u2019est class\u00e9e \u00e0 un encourageant 23\u00e8me rang.<\/p>\n\n\n\n<figure class=\"wp-block-image size-large\"><img loading=\"lazy\" decoding=\"async\" width=\"768\" height=\"1024\" src=\"https:\/\/www.fsgestavayer.ch\/wp-contenu\/uploads\/2020\/09\/WhatsApp-Image-2020-09-26-at-17.49.16-768x1024.jpeg\" alt=\"\" class=\"wp-image-8602\" srcset=\"https:\/\/www.fsgestavayer.ch\/wp-contenu\/uploads\/2020\/09\/WhatsApp-Image-2020-09-26-at-17.49.16-768x1024.jpeg 768w, https:\/\/www.fsgestavayer.ch\/wp-contenu\/uploads\/2020\/09\/WhatsApp-Image-2020-09-26-at-17.49.16-225x300.jpeg 225w, https:\/\/www.fsgestavayer.ch\/wp-contenu\/uploads\/2020\/09\/WhatsApp-Image-2020-09-26-at-17.49.16-1152x1536.jpeg 1152w, https:\/\/www.fsgestavayer.ch\/wp-contenu\/uploads\/2020\/09\/WhatsApp-Image-2020-09-26-at-17.49.16.jpeg 1536w\" sizes=\"auto, (max-width: 768px) 100vw, 768px\" \/><\/figure>\n","protected":false},"excerpt":{"rendered":"<p>La finale Suisse du MilLe Gruy\u00e8re a r\u00e9uni pr\u00e8s de 370 athl\u00e8tes de 10 \u00e0 15 ans, la rel\u00e8ve du demi-fond Suisse, samedi apr\u00e8s-midi \u00e0 <a class=\"more-link\" href=\"https:\/\/www.fsgestavayer.ch\/?p=8601\">Continuer la lecture <span class=\"screen-reader-text\">  Finale Suisse MilLe Gruy\u00e8re<\/span><span class=\"meta-nav\">&rarr;<\/span><\/a><\/p>\n","protected":false},"author":3,"featured_media":8602,"comment_status":"closed","ping_status":"open","sticky":false,"template":"","format":"standard","meta":{"ngg_post_thumbnail":0,"footnotes":""},"categories":[1],"tags":[],"class_list":["post-8601","post","type-post","status-publish","format-standard","has-post-thumbnail","hentry","category-non-classe"],"_links":{"self":[{"href":"https:\/\/www.fsgestavayer.ch\/index.php?rest_route=\/wp\/v2\/posts\/8601","targetHints":{"allow":["GET"]}}],"collection":[{"href":"https:\/\/www.fsgestavayer.ch\/index.php?rest_route=\/wp\/v2\/posts"}],"about":[{"href":"https:\/\/www.fsgestavayer.ch\/index.php?rest_route=\/wp\/v2\/types\/post"}],"author":[{"embeddable":true,"href":"https:\/\/www.fsgestavayer.ch\/index.php?rest_route=\/wp\/v2\/users\/3"}],"replies":[{"embeddable":true,"href":"https:\/\/www.fsgestavayer.ch\/index.php?rest_route=%2Fwp%2Fv2%2Fcomments&post=8601"}],"version-history":[{"count":1,"href":"https:\/\/www.fsgestavayer.ch\/index.php?rest_route=\/wp\/v2\/posts\/8601\/revisions"}],"predecessor-version":[{"id":8603,"href":"https:\/\/www.fsgestavayer.ch\/index.php?rest_route=\/wp\/v2\/posts\/8601\/revisions\/8603"}],"wp:featuredmedia":[{"embeddable":true,"href":"https:\/\/www.fsgestavayer.ch\/index.php?rest_route=\/wp\/v2\/media\/8602"}],"wp:attachment":[{"href":"https:\/\/www.fsgestavayer.ch\/index.php?rest_route=%2Fwp%2Fv2%2Fmedia&parent=8601"}],"wp:term":[{"taxonomy":"category","embeddable":true,"href":"https:\/\/www.fsgestavayer.ch\/index.php?rest_route=%2Fwp%2Fv2%2Fcategories&post=8601"},{"taxonomy":"post_tag","embeddable":true,"href":"https:\/\/www.fsgestavayer.ch\/index.php?rest_route=%2Fwp%2Fv2%2Ftags&post=8601"}],"curies":[{"name":"wp","href":"https:\/\/api.w.org\/{rel}","templated":true}]}}