{"id":8593,"date":"2020-09-21T22:03:51","date_gmt":"2020-09-21T20:03:51","guid":{"rendered":"http:\/\/www.fsgestavayer.ch\/?p=8593"},"modified":"2020-09-24T14:07:17","modified_gmt":"2020-09-24T12:07:17","slug":"assemblee-generale-et-nouveaux-statuts","status":"publish","type":"post","link":"https:\/\/www.fsgestavayer.ch\/?p=8593","title":{"rendered":"Assembl\u00e9e G\u00e9n\u00e9rale et nouveaux statuts"},"content":{"rendered":"\n<p>Notre Assembl\u00e9e G\u00e9n\u00e9rale se tiendra le Vendredi 2 octobre 2020 \u00e0 20h00 dans le Hall de l\u2019Amarante.   <\/p>\n\n\n\n<p>Le projet de nouveaux statuts et le PV de l\u2019AG 2019 ne seront pas lus durant l\u2019assembl\u00e9e, mais disponibles en ligne : <a href=\"https:\/\/www.fsgestavayer.ch\/?page_id=396\">Documents<\/a>. Merci de les consulter avant l\u2019assembl\u00e9e.<\/p>\n\n\n\n<p>Au vu de la situation sanitaire actuelle et afin de ne prendre aucun risque de mise en quarantaine, le repas est exceptionnellement annul\u00e9 et le port du masque sera obligatoire durant l\u2019assembl\u00e9e.  <\/p>\n","protected":false},"excerpt":{"rendered":"<p>Notre Assembl\u00e9e G\u00e9n\u00e9rale se tiendra le Vendredi 2 octobre 2020 \u00e0 20h00 dans le Hall de l\u2019Amarante. Le projet de nouveaux statuts et le PV <a class=\"more-link\" href=\"https:\/\/www.fsgestavayer.ch\/?p=8593\">Continuer la lecture <span class=\"screen-reader-text\">  Assembl\u00e9e G\u00e9n\u00e9rale et nouveaux statuts<\/span><span class=\"meta-nav\">&rarr;<\/span><\/a><\/p>\n","protected":false},"author":3,"featured_media":8463,"comment_status":"closed","ping_status":"open","sticky":false,"template":"","format":"standard","meta":{"ngg_post_thumbnail":0,"footnotes":""},"categories":[1],"tags":[],"class_list":["post-8593","post","type-post","status-publish","format-standard","has-post-thumbnail","hentry","category-non-classe"],"_links":{"self":[{"href":"https:\/\/www.fsgestavayer.ch\/index.php?rest_route=\/wp\/v2\/posts\/8593","targetHints":{"allow":["GET"]}}],"collection":[{"href":"https:\/\/www.fsgestavayer.ch\/index.php?rest_route=\/wp\/v2\/posts"}],"about":[{"href":"https:\/\/www.fsgestavayer.ch\/index.php?rest_route=\/wp\/v2\/types\/post"}],"author":[{"embeddable":true,"href":"https:\/\/www.fsgestavayer.ch\/index.php?rest_route=\/wp\/v2\/users\/3"}],"replies":[{"embeddable":true,"href":"https:\/\/www.fsgestavayer.ch\/index.php?rest_route=%2Fwp%2Fv2%2Fcomments&post=8593"}],"version-history":[{"count":2,"href":"https:\/\/www.fsgestavayer.ch\/index.php?rest_route=\/wp\/v2\/posts\/8593\/revisions"}],"predecessor-version":[{"id":8600,"href":"https:\/\/www.fsgestavayer.ch\/index.php?rest_route=\/wp\/v2\/posts\/8593\/revisions\/8600"}],"wp:featuredmedia":[{"embeddable":true,"href":"https:\/\/www.fsgestavayer.ch\/index.php?rest_route=\/wp\/v2\/media\/8463"}],"wp:attachment":[{"href":"https:\/\/www.fsgestavayer.ch\/index.php?rest_route=%2Fwp%2Fv2%2Fmedia&parent=8593"}],"wp:term":[{"taxonomy":"category","embeddable":true,"href":"https:\/\/www.fsgestavayer.ch\/index.php?rest_route=%2Fwp%2Fv2%2Fcategories&post=8593"},{"taxonomy":"post_tag","embeddable":true,"href":"https:\/\/www.fsgestavayer.ch\/index.php?rest_route=%2Fwp%2Fv2%2Ftags&post=8593"}],"curies":[{"name":"wp","href":"https:\/\/api.w.org\/{rel}","templated":true}]}}