{"id":8440,"date":"2020-04-27T00:40:41","date_gmt":"2020-04-26T22:40:41","guid":{"rendered":"http:\/\/www.fsgestavayer.ch\/?p=8440"},"modified":"2020-04-27T01:25:27","modified_gmt":"2020-04-26T23:25:27","slug":"la-suisse-bouge-2020","status":"publish","type":"post","link":"https:\/\/www.fsgestavayer.ch\/?p=8440","title":{"rendered":"La Suisse bouge 2020"},"content":{"rendered":"\n<p><strong>La Suisse Bouge \u00e0 Estavayer est annul\u00e9e mais tu peux quand m\u00eame bouger&#8230;<\/strong><\/p>\n\n\n\n<p>Nous te proposons pour cela d\u2019utiliser l\u2019application \u00ab\u00a0Duel intercommunal Coop de suisse.bouge\u00a0\u00bb afin de rester actif durant cette p\u00e9riode. Pour plus d\u2019information cliquer <a rel=\"noreferrer noopener\" aria-label=\" (s\u2019ouvre dans un nouvel onglet)\" href=\"https:\/\/www.fsgestavayer.ch\/wp-contenu\/uploads\/2020\/04\/Suisse-Bouge-2020.pdf\" target=\"_blank\">ici<\/a>.<\/p>\n\n\n\n<figure class=\"wp-block-image size-large\"><img loading=\"lazy\" decoding=\"async\" width=\"1024\" height=\"144\" src=\"https:\/\/www.fsgestavayer.ch\/wp-contenu\/uploads\/2020\/04\/Suisse-bouge-2020-1024x144.jpg\" alt=\"\" class=\"wp-image-8444\" srcset=\"https:\/\/www.fsgestavayer.ch\/wp-contenu\/uploads\/2020\/04\/Suisse-bouge-2020-1024x144.jpg 1024w, https:\/\/www.fsgestavayer.ch\/wp-contenu\/uploads\/2020\/04\/Suisse-bouge-2020-300x42.jpg 300w, https:\/\/www.fsgestavayer.ch\/wp-contenu\/uploads\/2020\/04\/Suisse-bouge-2020-768x108.jpg 768w, https:\/\/www.fsgestavayer.ch\/wp-contenu\/uploads\/2020\/04\/Suisse-bouge-2020.jpg 1296w\" sizes=\"auto, (max-width: 1024px) 100vw, 1024px\" \/><\/figure>\n\n\n\n<figure class=\"wp-block-image size-large\"><img loading=\"lazy\" decoding=\"async\" width=\"724\" height=\"1024\" src=\"https:\/\/www.fsgestavayer.ch\/wp-contenu\/uploads\/2020\/04\/Suisse-Bouge-2020-1-pdf-724x1024.jpg\" alt=\"\" class=\"wp-image-8449\"\/><\/figure>\n","protected":false},"excerpt":{"rendered":"<p>La Suisse Bouge \u00e0 Estavayer est annul\u00e9e mais tu peux quand m\u00eame bouger&#8230; Nous te proposons pour cela d\u2019utiliser l\u2019application \u00ab\u00a0Duel intercommunal Coop de suisse.bouge\u00a0\u00bb <a class=\"more-link\" href=\"https:\/\/www.fsgestavayer.ch\/?p=8440\">Continuer la lecture <span class=\"screen-reader-text\">  La Suisse bouge 2020<\/span><span class=\"meta-nav\">&rarr;<\/span><\/a><\/p>\n","protected":false},"author":3,"featured_media":8441,"comment_status":"closed","ping_status":"open","sticky":false,"template":"","format":"standard","meta":{"ngg_post_thumbnail":0,"footnotes":""},"categories":[21],"tags":[22],"class_list":["post-8440","post","type-post","status-publish","format-standard","has-post-thumbnail","hentry","category-la-suisse-bouge","tag-la-suisse-bouge-2"],"_links":{"self":[{"href":"https:\/\/www.fsgestavayer.ch\/index.php?rest_route=\/wp\/v2\/posts\/8440","targetHints":{"allow":["GET"]}}],"collection":[{"href":"https:\/\/www.fsgestavayer.ch\/index.php?rest_route=\/wp\/v2\/posts"}],"about":[{"href":"https:\/\/www.fsgestavayer.ch\/index.php?rest_route=\/wp\/v2\/types\/post"}],"author":[{"embeddable":true,"href":"https:\/\/www.fsgestavayer.ch\/index.php?rest_route=\/wp\/v2\/users\/3"}],"replies":[{"embeddable":true,"href":"https:\/\/www.fsgestavayer.ch\/index.php?rest_route=%2Fwp%2Fv2%2Fcomments&post=8440"}],"version-history":[{"count":0,"href":"https:\/\/www.fsgestavayer.ch\/index.php?rest_route=\/wp\/v2\/posts\/8440\/revisions"}],"wp:featuredmedia":[{"embeddable":true,"href":"https:\/\/www.fsgestavayer.ch\/index.php?rest_route=\/wp\/v2\/media\/8441"}],"wp:attachment":[{"href":"https:\/\/www.fsgestavayer.ch\/index.php?rest_route=%2Fwp%2Fv2%2Fmedia&parent=8440"}],"wp:term":[{"taxonomy":"category","embeddable":true,"href":"https:\/\/www.fsgestavayer.ch\/index.php?rest_route=%2Fwp%2Fv2%2Fcategories&post=8440"},{"taxonomy":"post_tag","embeddable":true,"href":"https:\/\/www.fsgestavayer.ch\/index.php?rest_route=%2Fwp%2Fv2%2Ftags&post=8440"}],"curies":[{"name":"wp","href":"https:\/\/api.w.org\/{rel}","templated":true}]}}