{"id":7537,"date":"2019-11-04T13:23:03","date_gmt":"2019-11-04T12:23:03","guid":{"rendered":"http:\/\/www.fsgestavayer.ch\/?p=7537"},"modified":"2019-11-04T13:24:56","modified_gmt":"2019-11-04T12:24:56","slug":"rejoignez-nous","status":"publish","type":"post","link":"https:\/\/www.fsgestavayer.ch\/?p=7537","title":{"rendered":"Rejoignez-nous!"},"content":{"rendered":"<p><a href=\"https:\/\/www.fsgestavayer.ch\/wp-contenu\/uploads\/2019\/11\/FSG2019b.jpg\"><img loading=\"lazy\" decoding=\"async\" src=\"https:\/\/www.fsgestavayer.ch\/wp-contenu\/uploads\/2019\/11\/FSG2019b.jpg\" alt=\"\" width=\"596\" height=\"544\" class=\"alignleft size-full wp-image-7538\" srcset=\"https:\/\/www.fsgestavayer.ch\/wp-contenu\/uploads\/2019\/11\/FSG2019b.jpg 596w, https:\/\/www.fsgestavayer.ch\/wp-contenu\/uploads\/2019\/11\/FSG2019b-300x274.jpg 300w\" sizes=\"auto, (max-width: 596px) 100vw, 596px\" \/><\/a><br \/>\nL&rsquo;hiver arrive, et c&rsquo;est le meilleur moment pour venir se d\u00e9penser en int\u00e9rieur avec nos diff\u00e9rents groupes.<br \/>\nNous avons encore largement de la place dans les groupes suivants :<\/p>\n<p><strong>Gym parents-enfants, Groupe du mardi (d\u00e8s 2 ans 1\/2) :<\/strong><\/p>\n<table id=\"tablepress-17\" class=\"tablepress tablepress-id-17\">\n<tbody>\n<tr class=\"row-2\">\n<td class=\"column-1\">Entra\u00eenement :<\/td>\n<td class=\"column-2\">MARDI de 9h30 \u00e0 10h30<\/td>\n<\/tr>\n<tr class=\"row-3\">\n<td class=\"column-1\">Rendez-vous :<\/td>\n<td class=\"column-2\">Chavannes-le-Ch\u00eane<\/td>\n<\/tr>\n<tr class=\"row-4\">\n<td class=\"column-1\">D\u00e9but :<\/td>\n<td class=\"column-2\">Mardi 3 septembre 2019<\/td>\n<\/tr>\n<tr class=\"row-5\">\n<td class=\"column-1\">Responsable :<\/td>\n<td class=\"column-2\">M\u00e9lanie Bertschy, 079 306.44.33<\/td>\n<\/tr>\n<\/tbody>\n<\/table>\n<p>&nbsp;<\/p>\n<p><strong>Agr\u00e8s gar\u00e7ons :<\/strong><\/p>\n<table id=\"tablepress-9\" class=\"tablepress tablepress-id-9\">\n<tbody>\n<tr class=\"row-17\">\n<td class=\"column-1\">Entra\u00eenement :<\/td>\n<td class=\"column-2\">JEUDI de 18h00 \u00e0 20h00<\/td>\n<\/tr>\n<tr class=\"row-18\">\n<td class=\"column-1\">Rendez-vous :<\/td>\n<td class=\"column-2\">Amarante, Estavayer-le-Lac<\/td>\n<\/tr>\n<tr class=\"row-19\">\n<td class=\"column-1\">D\u00e9but :<\/td>\n<td class=\"column-2\">Jeudi 5 Septembre 2019<\/td>\n<\/tr>\n<tr class=\"row-20\">\n<td class=\"column-1\">Responsable :<\/td>\n<td class=\"column-2\">Jean-Fran\u00e7ois Mateos : 079\/229.65.91<\/td>\n<\/tr>\n<\/tbody>\n<\/table>\n<p>&nbsp;<\/p>\n<p><strong>Athl\u00e9tisme U12 (2009-2010):<\/strong><\/p>\n<table id=\"tablepress-1\" class=\"tablepress tablepress-id-1\">\n<tbody>\n<tr class=\"row-7\">\n<td class=\"column-1\">Entra\u00eenement :<\/td>\n<td class=\"column-2\">LUNDI de 18h00 \u00e0 19h30<\/td>\n<\/tr>\n<tr class=\"row-8\">\n<td class=\"column-1\">Rendez-vous :<\/td>\n<td class=\"column-2\">Amarante, Estavayer-le-Lac<\/td>\n<\/tr>\n<tr class=\"row-9\">\n<td class=\"column-1\">D\u00e9but :<\/td>\n<td class=\"column-2\">Lundi 2 Septembre 2019<\/td>\n<\/tr>\n<tr class=\"row-10\">\n<td class=\"column-1\">Responsable :<\/td>\n<td class=\"column-2\">Etienne Marmy : 079 546 26 34<br \/>\netienne.marmy@bluewin.ch<\/td>\n<\/tr>\n<\/tbody>\n<\/table>\n<p>&nbsp;<\/p>\n<p><strong>Polysports (10-18 ans) :<\/strong><\/p>\n<table id=\"tablepress-11\" class=\"tablepress tablepress-id-11\">\n<tbody>\n<tr class=\"row-2\">\n<td class=\"column-1\">Entra\u00eenement :<\/td>\n<td class=\"column-2\">LUNDI de 18h15 \u00e0 19h45<\/td>\n<\/tr>\n<tr class=\"row-3\">\n<td class=\"column-1\">Rendez-vous :<\/td>\n<td class=\"column-2\">Salle de l&rsquo;Amarante, Estavayer-le-Lac<\/td>\n<\/tr>\n<tr class=\"row-4\">\n<td class=\"column-1\">D\u00e9but :<\/td>\n<td class=\"column-2\">Lundi 2 Septembre 2019<\/td>\n<\/tr>\n<tr class=\"row-5\">\n<td class=\"column-1\">Responsable :<\/td>\n<td class=\"column-2\">Fiona Bourdilloud : 079\/914.23.09<\/td>\n<\/tr>\n<\/tbody>\n<\/table>\n","protected":false},"excerpt":{"rendered":"<p>L&rsquo;hiver arrive, et c&rsquo;est le meilleur moment pour venir se d\u00e9penser en int\u00e9rieur avec nos diff\u00e9rents groupes. Nous avons encore largement de la place dans <a class=\"more-link\" href=\"https:\/\/www.fsgestavayer.ch\/?p=7537\">Continuer la lecture <span class=\"screen-reader-text\">  Rejoignez-nous!<\/span><span class=\"meta-nav\">&rarr;<\/span><\/a><\/p>\n","protected":false},"author":3,"featured_media":7538,"comment_status":"closed","ping_status":"open","sticky":false,"template":"","format":"standard","meta":{"ngg_post_thumbnail":0,"footnotes":""},"categories":[1],"tags":[],"class_list":["post-7537","post","type-post","status-publish","format-standard","has-post-thumbnail","hentry","category-non-classe"],"_links":{"self":[{"href":"https:\/\/www.fsgestavayer.ch\/index.php?rest_route=\/wp\/v2\/posts\/7537","targetHints":{"allow":["GET"]}}],"collection":[{"href":"https:\/\/www.fsgestavayer.ch\/index.php?rest_route=\/wp\/v2\/posts"}],"about":[{"href":"https:\/\/www.fsgestavayer.ch\/index.php?rest_route=\/wp\/v2\/types\/post"}],"author":[{"embeddable":true,"href":"https:\/\/www.fsgestavayer.ch\/index.php?rest_route=\/wp\/v2\/users\/3"}],"replies":[{"embeddable":true,"href":"https:\/\/www.fsgestavayer.ch\/index.php?rest_route=%2Fwp%2Fv2%2Fcomments&post=7537"}],"version-history":[{"count":0,"href":"https:\/\/www.fsgestavayer.ch\/index.php?rest_route=\/wp\/v2\/posts\/7537\/revisions"}],"wp:featuredmedia":[{"embeddable":true,"href":"https:\/\/www.fsgestavayer.ch\/index.php?rest_route=\/wp\/v2\/media\/7538"}],"wp:attachment":[{"href":"https:\/\/www.fsgestavayer.ch\/index.php?rest_route=%2Fwp%2Fv2%2Fmedia&parent=7537"}],"wp:term":[{"taxonomy":"category","embeddable":true,"href":"https:\/\/www.fsgestavayer.ch\/index.php?rest_route=%2Fwp%2Fv2%2Fcategories&post=7537"},{"taxonomy":"post_tag","embeddable":true,"href":"https:\/\/www.fsgestavayer.ch\/index.php?rest_route=%2Fwp%2Fv2%2Ftags&post=7537"}],"curies":[{"name":"wp","href":"https:\/\/api.w.org\/{rel}","templated":true}]}}