{"id":7392,"date":"2019-05-01T22:51:20","date_gmt":"2019-05-01T20:51:20","guid":{"rendered":"http:\/\/www.fsgestavayer.ch\/?p=7392"},"modified":"2019-05-14T12:54:43","modified_gmt":"2019-05-14T10:54:43","slug":"la-suisse-bouge-2019","status":"publish","type":"post","link":"https:\/\/www.fsgestavayer.ch\/?p=7392","title":{"rendered":"La Suisse Bouge 2019"},"content":{"rendered":"<p>En mai, fais ce qu&rsquo;il te plait&#8230; mais rejoins-nous \u00e0 la Suisse bouge!&nbsp;<br \/>\nCette ann\u00e9e, la Suisse bouge se d\u00e9roule du 13 au 17 mai 2019. Voici les activit\u00e9s au programme, n&rsquo;oubliez pas de vous inscrire sur le site pour l&rsquo;escalade, la slackline et le parkour. Venez nombreux !<\/p>\n<p>Inscriptions:<br \/>\n<a href=\"https:\/\/www.fsgestavayer.ch\/?event=la-suisse-bouge-escalade-lundi-2\">Escalade Lundi<\/a><br \/>\n<a href=\"https:\/\/www.fsgestavayer.ch\/?event=la-suisse-bouge-escalade-jeudi\">Escalade Jeudi<\/a><br \/>\n<a href=\"https:\/\/www.fsgestavayer.ch\/?event=la-suisse-bouge-slackline\">Slackline<\/a><br \/>\n<a href=\"https:\/\/www.fsgestavayer.ch\/?event=la-suisse-bouge-parkour\">Parkour<\/a><\/p>\n<ul>\n<li><strong>Lundi 13 mai<\/strong><br \/>\n<div class=\"su-accordion su-u-trim\"><\/div><\/li>\n<\/ul>\n<div class=\"su-spoiler su-spoiler-style-fancy su-spoiler-icon-plus su-spoiler-closed\" data-scroll-offset=\"0\" data-anchor-in-url=\"no\"><div class=\"su-spoiler-title\" tabindex=\"0\" role=\"button\"><span class=\"su-spoiler-icon\"><\/span>Dodgeball<\/div><div class=\"su-spoiler-content su-u-clearfix su-u-trim\"> Deux \u00e9quipes de 6 joueurs, six ballons, deux petits terrains, plein de lancers, un max de sauts, des petites cr\u00eapes et une quantit\u00e9 de plaisir! M\u00eal\u00e9s \u00e0 ceci de la tactique, de la technique et du physique et on obtient un combo parfait&#8230; le DODGEBALL! \u00a0\u00bb plus d\u2019info sous&nbsp;: <a href=\"http:\/\/dodgeballbroye.ch\/\">http:\/\/dodgeballbroye.ch\/<\/a><\/div><\/div>\n<div class=\"su-spoiler su-spoiler-style-fancy su-spoiler-icon-plus su-spoiler-closed\" data-scroll-offset=\"0\" data-anchor-in-url=\"no\"><div class=\"su-spoiler-title\" tabindex=\"0\" role=\"button\"><span class=\"su-spoiler-icon\"><\/span>Escalade<\/div><div class=\"su-spoiler-content su-u-clearfix su-u-trim\"> Activit\u00e9 toujours tr\u00e8s appr\u00e9ci\u00e9e et connue des habitu\u00e9s de la Suisse Bouge. Les enfants peuvent y participer \u00e0 partir de 8 ans pour autant qu\u2019ils soient accompagn\u00e9s d\u2019un adulte. Inscription obligatoire pour les deux soirs via le site FSG Estavayer (lundi et jeudi). Vous serez encadr\u00e9s par des moniteurs dipl\u00f4m\u00e9s. <strong>Attention inscription obligatoire, possible d\u00e8s le 1 mai.<\/strong><\/div><\/div>\n<div class=\"su-spoiler su-spoiler-style-fancy su-spoiler-icon-plus su-spoiler-closed\" data-scroll-offset=\"0\" data-anchor-in-url=\"no\"><div class=\"su-spoiler-title\" tabindex=\"0\" role=\"button\"><span class=\"su-spoiler-icon\"><\/span>Balade<\/div><div class=\"su-spoiler-content su-u-clearfix su-u-trim\"> Une simple balade en groupe, pour se changer les esprits, profiter de la r\u00e9gion et faire de nouvelles connaissances.<\/div><\/div>\n<div class=\"su-spoiler su-spoiler-style-fancy su-spoiler-icon-plus su-spoiler-closed\" data-scroll-offset=\"0\" data-anchor-in-url=\"no\"><div class=\"su-spoiler-title\" tabindex=\"0\" role=\"button\"><span class=\"su-spoiler-icon\"><\/span>Piscine<\/div><div class=\"su-spoiler-content su-u-clearfix su-u-trim\"> ouverture de la piscine au public comme tout les lundis, mais cette fois gratuitement dans le cadre de la Suisse Bouge.<\/div><\/div>\n<p>&nbsp;<\/p>\n<ul>\n<li><strong>Mardi 14 mai<\/strong><br \/>\n<div class=\"su-accordion su-u-trim\"><\/div><\/li>\n<\/ul>\n<div class=\"su-spoiler su-spoiler-style-fancy su-spoiler-icon-plus su-spoiler-closed\" data-scroll-offset=\"0\" data-anchor-in-url=\"no\"><div class=\"su-spoiler-title\" tabindex=\"0\" role=\"button\"><span class=\"su-spoiler-icon\"><\/span>Karat\u00e9<\/div><div class=\"su-spoiler-content su-u-clearfix su-u-trim\"> Vous allez recevoir une petite introduction dans le monde du Karat\u00e9 Do. Se d\u00e9placer, esquiver, se d\u00e9fendre mais aussi tester des coups de poings et des coups de pieds sur un coussin de frappe, ainsi qu&rsquo;une petite introduction comment se comporter dans un dojo.<br \/>\nHabit: pantalon de training, T-shirt, pieds nus<br \/>\nPour plus d\u2019informations&nbsp;: <a href=\"http:\/\/www.karate-do-estavayer.ch\/\">www.karate-do-estavayer.ch<\/a><\/div><\/div>\n<div class=\"su-spoiler su-spoiler-style-fancy su-spoiler-icon-plus su-spoiler-closed\" data-scroll-offset=\"0\" data-anchor-in-url=\"no\"><div class=\"su-spoiler-title\" tabindex=\"0\" role=\"button\"><span class=\"su-spoiler-icon\"><\/span>Kin-Ball<\/div><div class=\"su-spoiler-content su-u-clearfix su-u-trim\">Le Kin-Ball est un sport collectif qui se joue \u00e0 trois \u00e9quipes de quatre joueurs et une grande balle de 1.22 m\u00e8tre de diam\u00e8tre ! Quelques gestes techniques suffisent \u00e0 pouvoir pratiquer ce sport de fa\u00e7on amusante et entra\u00eenante.&nbsp;<br \/>\nPlus d\u2019information ici :&nbsp;<a href=\"https:\/\/www.swisskinball.ch\/clubdesk\/www?p=1000005\">https:\/\/www.swisskinball.ch\/clubdesk\/www?p=1000005<\/a><\/div><\/div>\n<div class=\"su-spoiler su-spoiler-style-fancy su-spoiler-icon-plus su-spoiler-closed\" data-scroll-offset=\"0\" data-anchor-in-url=\"no\"><div class=\"su-spoiler-title\" tabindex=\"0\" role=\"button\"><span class=\"su-spoiler-icon\"><\/span>Nordic Walking<\/div><div class=\"su-spoiler-content su-u-clearfix su-u-trim\"> C\u2019est une marche rapide avec des b\u00e2tons sp\u00e9ciaux. Ce sport nous vient du Nord, o\u00f9 l&rsquo;\u00e9lite des skieurs de fond finlandais le pratique pour s&rsquo;entra\u00eener pendant l&rsquo;\u00e9t\u00e9. Le&nbsp;Nordic Walking d\u00e9veloppe non seulement l&rsquo;endurance de base et la respiration, mais aussi&nbsp;la musculature et la coordination. Le&nbsp;Nordic Walking convient \u00e0 tous, ind\u00e9pendamment de l&rsquo;\u00e2ge, du poids ou du degr\u00e9 d&rsquo;entra\u00eenement.&nbsp;Il permet de se muscler, de mieux respirer, de s&rsquo;oxyg\u00e9ner, de perdre du poids et d&rsquo;acqu\u00e9rir un excellent confort de marche. Plusieurs groupes de niveau seront organis\u00e9s \u00e0 l\u2019Amarante et des b\u00e2tons seront mis \u00e0 disposition pour les personnes qui n\u2019en n\u2019ont pas.<\/div><\/div>\n<div class=\"su-spoiler su-spoiler-style-fancy su-spoiler-icon-plus su-spoiler-closed\" data-scroll-offset=\"0\" data-anchor-in-url=\"no\"><div class=\"su-spoiler-title\" tabindex=\"0\" role=\"button\"><span class=\"su-spoiler-icon\"><\/span>Body Sculpt<\/div><div class=\"su-spoiler-content su-u-clearfix su-u-trim\">M\u00e9thode de renforcement musculaire par excellence, le Body Sculpt allie le&nbsp;<a href=\"https:\/\/www.marieclaire.fr\/exercices-step-cuisses-fesses,1255346.asp\">step<\/a> pour le c\u00f4t\u00e9 cardio, et le&nbsp;Body Pump&nbsp;pour accentuer le travail musculaire. Comme son nom l\u2019indique, le Body Sculpt a pour objectif d\u2019aider \u00e0 remodeler rapidement sa silhouette. Un cours, d\u2019une dur\u00e9e moyenne de 45 minutes, alterne des s\u00e9ances de cardio, entrecoup\u00e9es d\u2019exercices de musculation.<\/div><\/div>\n<p>&nbsp;<\/p>\n<ul>\n<li><strong>Mardi 14 mai &#8211; \u00e0 Bussy<\/strong><br \/>\n<div class=\"su-accordion su-u-trim\"><\/div><\/li>\n<\/ul>\n<div class=\"su-spoiler su-spoiler-style-fancy su-spoiler-icon-plus su-spoiler-closed\" data-scroll-offset=\"0\" data-anchor-in-url=\"no\"><div class=\"su-spoiler-title\" tabindex=\"0\" role=\"button\"><span class=\"su-spoiler-icon\"><\/span>Disco Roller<\/div><div class=\"su-spoiler-content su-u-clearfix su-u-trim\"> Pr\u00e9vu&nbsp;pour tous \u00e2ges,&nbsp;les participants doivent&nbsp;amener leur mat\u00e9riel&nbsp;(rollers traditionnels ou Inlines). Casque et protections recommand\u00e9s, nous d\u00e9clinons toute responsabilit\u00e9 en cas d&rsquo;accident.<\/div><\/div>\n<div class=\"su-spoiler su-spoiler-style-fancy su-spoiler-icon-plus su-spoiler-closed\" data-scroll-offset=\"0\" data-anchor-in-url=\"no\"><div class=\"su-spoiler-title\" tabindex=\"0\" role=\"button\"><span class=\"su-spoiler-icon\"><\/span>Balade<\/div><div class=\"su-spoiler-content su-u-clearfix su-u-trim\"> Une simple balade en groupe, pour se changer les esprits, profiter de la r\u00e9gion et faire de nouvelles connaissances.<\/div><\/div>\n<p>&nbsp;<\/p>\n<ul>\n<li><strong>Mercredi 15 mai<\/strong><\/li>\n<\/ul>\n<div class=\"su-spoiler su-spoiler-style-fancy su-spoiler-icon-plus su-spoiler-closed\" data-scroll-offset=\"0\" data-anchor-in-url=\"no\"><div class=\"su-spoiler-title\" tabindex=\"0\" role=\"button\"><span class=\"su-spoiler-icon\"><\/span>Balade en famille<\/div><div class=\"su-spoiler-content su-u-clearfix su-u-trim\">Une petite balade avec les enfants, poussettes, draisiennes, trottinettes et autre accept\u00e9s.<\/div><\/div>\n<div class=\"su-spoiler su-spoiler-style-fancy su-spoiler-icon-plus su-spoiler-closed\" data-scroll-offset=\"0\" data-anchor-in-url=\"no\"><div class=\"su-spoiler-title\" tabindex=\"0\" role=\"button\"><span class=\"su-spoiler-icon\"><\/span>Course d'orientation<\/div><div class=\"su-spoiler-content su-u-clearfix su-u-trim\"> Activit\u00e9 traditionnelle \u00e0 la Suisse bouge depuis bien des ann\u00e9es. Cela se d\u00e9roule en ville d\u2019Estavayer, c\u2019est sympa et ludique, possible de faire en famille. De poste en poste, vous d\u00e9couvrirez des petits coins cach\u00e9s d\u2019Estavayer.<\/div><\/div>\n<div class=\"su-spoiler su-spoiler-style-fancy su-spoiler-icon-plus su-spoiler-closed\" data-scroll-offset=\"0\" data-anchor-in-url=\"no\"><div class=\"su-spoiler-title\" tabindex=\"0\" role=\"button\"><span class=\"su-spoiler-icon\"><\/span>Urban Park Fitness<\/div><div class=\"su-spoiler-content su-u-clearfix su-u-trim\">D\u00e9couvrez le nouveau fitness \u00e0 ciel ouvert qui se trouve pr\u00e8s de la Prillaz. Ce soir-l\u00e0 vous serez coach\u00e9 par un professionnel. Celui-ci pourra vous aider et vous conseiller. Sinon le parc est accessible en tout temps avec la station self-scanning (explications plus bas).<\/div><\/div>\n<div class=\"su-spoiler su-spoiler-style-fancy su-spoiler-icon-plus su-spoiler-closed\" data-scroll-offset=\"0\" data-anchor-in-url=\"no\"><div class=\"su-spoiler-title\" tabindex=\"0\" role=\"button\"><span class=\"su-spoiler-icon\"><\/span>Kizomba<\/div><div class=\"su-spoiler-content su-u-clearfix su-u-trim\">C\u2019est une danse extr\u00eamement belle et sensuelle, \u00e9tant \u00e9galement explosive et contagieuse, qui a conquis le monde ces derni\u00e8res ann\u00e9es comme un son qui reste dans les oreilles et une danse qui s\u00e9duit nos \u00e2mes. Kizomba est pour beaucoup de danseurs latino un souffle d&rsquo;air frais, apportant quelque chose de nouveau et d&rsquo;excitant, parfait pour tous ceux qui veulent entrer dans le monde de la danse \u00e0 cause de sa douceur et la facilit\u00e9 de ses pas de base, permettant \u00e0 n&rsquo;importe quel novice d&rsquo;\u00e9voluer progressivement vers des pas plus complexes, et plus important encore permettant \u00e0 un d\u00e9butant de profiter du plaisir de la danse sociale beaucoup plus t\u00f4t que tout autre type de danse \u00e0 deux.<\/div><\/div>\n<p>&nbsp;<\/p>\n<ul>\n<li><strong>Jeudi 16 mai<\/strong><\/li>\n<\/ul>\n<div class=\"su-spoiler su-spoiler-style-fancy su-spoiler-icon-plus su-spoiler-closed\" data-scroll-offset=\"0\" data-anchor-in-url=\"no\"><div class=\"su-spoiler-title\" tabindex=\"0\" role=\"button\"><span class=\"su-spoiler-icon\"><\/span>Parcours vita urbain<\/div><div class=\"su-spoiler-content su-u-clearfix su-u-trim\">Cardio et renforcement musculaire au programme lors d\u2019un tour en ville. Utilisation du mobilier urbain pour faire un peu de gainage entre deux exercices, l\u00e9gers pas de course pour \u00e9liminer les calories tout en douceur. A lieu \u00e0 l\u2019ext\u00e9rieur, par tous les temps.<\/div><\/div>\n<div class=\"su-spoiler su-spoiler-style-fancy su-spoiler-icon-plus su-spoiler-closed\" data-scroll-offset=\"0\" data-anchor-in-url=\"no\"><div class=\"su-spoiler-title\" tabindex=\"0\" role=\"button\"><span class=\"su-spoiler-icon\"><\/span>Slackline<\/div><div class=\"su-spoiler-content su-u-clearfix su-u-trim\"> Il s&rsquo;agit d&rsquo;un exercice s&rsquo;apparentant au&nbsp;<a href=\"http:\/\/dictionnaire.sensagent.leparisien.fr\/Funambulisme\/fr-fr\/\">funambulisme<\/a>&nbsp;: au lieu de progresser sur un c\u00e2ble d&rsquo;acier \u00e0 l&rsquo;aide d&rsquo;un balancier, l&rsquo;objectif est d&rsquo;avancer sur une sangle l\u00e9g\u00e8rement \u00e9lastique sans aucun accessoire. Cette sangle, d&rsquo;une largeur variant de 19 mm \u00e0 5 cm, est tendue entre deux points d&rsquo;ancrages. C\u2019est un sport \u00e0 pratiquer en milieu naturel ou urbain. Les figures pouvant \u00eatre r\u00e9alis\u00e9es sont innombrables. Ce sport est excellent comme pr\u00e9paration \u00e0 l&rsquo;<a href=\"http:\/\/dictionnaire.sensagent.leparisien.fr\/Escalade\/fr-fr\/\">escalade<\/a>, au&nbsp;<a href=\"http:\/\/dictionnaire.sensagent.leparisien.fr\/Surf\/fr-fr\/\">surf<\/a>, au&nbsp;<a href=\"http:\/\/dictionnaire.sensagent.leparisien.fr\/Snowboard\/fr-fr\/\">snowboard<\/a>, au&nbsp;<a href=\"http:\/\/dictionnaire.sensagent.leparisien.fr\/Longboard\/fr-fr\/\">longboard<\/a>, aux agr\u00e8s de&nbsp;<a href=\"http:\/\/dictionnaire.sensagent.leparisien.fr\/Gymnastique\/fr-fr\/\">gymnastique<\/a>&nbsp;ou encore comme moyen de concentration. Activit\u00e9 accessible d\u00e8s 8 ans.<br \/>\nRendez-vous directement \u00e0 la place Nova Fribourgo.<br \/>\n<strong>Attention inscription obligatoire, possible d\u00e8s le 1 mai.<\/strong><\/div><\/div>\n<div class=\"su-spoiler su-spoiler-style-fancy su-spoiler-icon-plus su-spoiler-closed\" data-scroll-offset=\"0\" data-anchor-in-url=\"no\"><div class=\"su-spoiler-title\" tabindex=\"0\" role=\"button\"><span class=\"su-spoiler-icon\"><\/span>Escalade<\/div><div class=\"su-spoiler-content su-u-clearfix su-u-trim\"> Activit\u00e9 toujours tr\u00e8s appr\u00e9ci\u00e9e et connue des habitu\u00e9s de la Suisse Bouge. Les enfants peuvent y participer \u00e0 partir de 8 ans pour autant qu\u2019ils soient accompagn\u00e9s d\u2019un adulte. Inscription obligatoire pour les deux soirs via le site FSG Estavayer (lundi et jeudi). Vous serez encadr\u00e9s par des moniteurs dipl\u00f4m\u00e9s. <strong>Attention inscription obligatoire, possible d\u00e8s le 1 mai.<\/strong><\/div><\/div>\n<div class=\"su-spoiler su-spoiler-style-fancy su-spoiler-icon-plus su-spoiler-closed\" data-scroll-offset=\"0\" data-anchor-in-url=\"no\"><div class=\"su-spoiler-title\" tabindex=\"0\" role=\"button\"><span class=\"su-spoiler-icon\"><\/span>Badminton<\/div><div class=\"su-spoiler-content su-u-clearfix su-u-trim\">Mise \u00e0 disposition du mat\u00e9riel ainsi que de deux salles de gym afin de jouer librement au badminton. Tournoi envisageable.<\/div><\/div>\n<p>&nbsp;<\/p>\n<ul>\n<li><strong>Vendredi 17 mai<\/strong><\/li>\n<\/ul>\n<div class=\"su-spoiler su-spoiler-style-fancy su-spoiler-icon-plus su-spoiler-closed\" data-scroll-offset=\"0\" data-anchor-in-url=\"no\"><div class=\"su-spoiler-title\" tabindex=\"0\" role=\"button\"><span class=\"su-spoiler-icon\"><\/span>Judo<\/div><div class=\"su-spoiler-content su-u-clearfix su-u-trim\">Le judo est un sport de combat d&rsquo;origine japonaise (jiu-jitsu) qui se pratique \u00e0 mains nues, sans porter de coups, le but du combat \u00e9tant de faire tomber ou d&rsquo;immobiliser l&rsquo;adversaire. Jigoro Kano a enseign\u00e9 le judo comme un art, une philosophie visant \u00e0 d\u00e9velopper l\u2019\u00e9quilibre du corps et de l\u2019esprit. Il d\u00e9finissait d\u2019ailleurs cette discipline ainsi : \u00ab Le judo est le principe de la meilleure utilisation du corps et de l\u2019esprit. Pratiquer le judo signifie : d\u00e9velopper le corps et l\u2019esprit par le jeu de l\u2019attaque et de la d\u00e9fense et en arriver ainsi \u00e0 un d\u00e9veloppement harmonieux de son \u00eatre pour contribuer \u00e0 la prosp\u00e9rit\u00e9 de tous les hommes.\u201d<\/div><\/div>\n<div class=\"su-spoiler su-spoiler-style-fancy su-spoiler-icon-plus su-spoiler-closed\" data-scroll-offset=\"0\" data-anchor-in-url=\"no\"><div class=\"su-spoiler-title\" tabindex=\"0\" role=\"button\"><span class=\"su-spoiler-icon\"><\/span>Yoga<\/div><div class=\"su-spoiler-content su-u-clearfix su-u-trim\">Le yoga est un ensemble d\u2019exercices vari\u00e9s adapt\u00e9s \u00e0 tous, qui vise l\u2019harmonisation globale du corps et de l\u2019esprit.&nbsp;<br \/>\nDes mouvements doux associ\u00e9s \u00e0 des respirations travaillent la colonne vert\u00e9brale, la verticalit\u00e9, la souplesse et la musculature.&nbsp;<br \/>\nPour plus d\u2019informations&nbsp;: <a href=\"http:\/\/www.ariane-yoga-biodanza.ch\/\">www.ariane-yoga-biodanza.ch<\/a><\/div><\/div>\n<div class=\"su-spoiler su-spoiler-style-fancy su-spoiler-icon-plus su-spoiler-closed\" data-scroll-offset=\"0\" data-anchor-in-url=\"no\"><div class=\"su-spoiler-title\" tabindex=\"0\" role=\"button\"><span class=\"su-spoiler-icon\"><\/span>Parkour<\/div><div class=\"su-spoiler-content su-u-clearfix su-u-trim\">Le Parkour est une activit\u00e9 physique consistant \u00e0 se d\u00e9placer efficacement gr\u00e2ce \u00e0 ses seules capacit\u00e9s motrices, dans diff\u00e9rents types d&rsquo;environnements. On y d\u00e9veloppe son corps et son contr\u00f4le par le biais d&rsquo;une m\u00e9thode d&rsquo;entrainement alliant course, passement d&rsquo;obstacle, sauts, escalade\u2026<br \/>\n<strong>1 groupes 15 personnes entre 10 et 14 ans et un deuxi\u00e8me groupe de 15 personnes de 14 \u00e0 17 ans.<br \/>\n<\/strong><strong>Attention inscription obligatoire, possible d\u00e8s le 1 mai.<\/strong><\/div><\/div>\n<p><strong>&nbsp;<\/strong><\/p>\n<ul>\n<li><strong>Activit\u00e9s pr\u00e9sentes chaque soir<\/strong><\/li>\n<\/ul>\n<div class=\"su-spoiler su-spoiler-style-fancy su-spoiler-icon-plus su-spoiler-closed\" data-scroll-offset=\"0\" data-anchor-in-url=\"no\"><div class=\"su-spoiler-title\" tabindex=\"0\" role=\"button\"><span class=\"su-spoiler-icon\"><\/span>V\u00e9lo<\/div><div class=\"su-spoiler-content su-u-clearfix su-u-trim\">Balade en v\u00e9lo accessible en famille, entre amis ou seul, autour d\u2019Estavayer (le parcours a \u00e9t\u00e9 balis\u00e9 par nos soins, disponible toute la semaine). <strong>Il y a un passage d\u2019environ 200m avec du gravier<\/strong>.<\/p>\n<p>Voici les 2 parcours :<br \/>\n&#8211; <a href=\"https:\/\/www.fsgestavayer.ch\/wp-contenu\/uploads\/2019\/05\/Carte-parcours-veCC81lo-4.9km.pdf\">Petit parcours (4.9 km)<\/a><br \/>\n&#8211; <a href=\"https:\/\/www.fsgestavayer.ch\/wp-contenu\/uploads\/2019\/05\/Carte-Parcours-veCC81lo-12.1km.pdf\">Grand parcours (12.1 km)<\/a><\/div><\/div>\n<div class=\"su-spoiler su-spoiler-style-fancy su-spoiler-icon-plus su-spoiler-closed\" data-scroll-offset=\"0\" data-anchor-in-url=\"no\"><div class=\"su-spoiler-title\" tabindex=\"0\" role=\"button\"><span class=\"su-spoiler-icon\"><\/span>Portes ouvertes au fitness<\/div><div class=\"su-spoiler-content su-u-clearfix su-u-trim\">Comme l\u2019ann\u00e9e pass\u00e9e, le Fitstyle d\u2019Estavayer vous ouvre ses portes, mais cette fois pas d\u2019inscription et pas besoin de passer par l\u2019Amarante. Pr\u00e9sentez-vous tout simplement au fitness en expliquant que vous participez \u00e0 la Suisse Bouge et ils vous expliqueront la suite.<strong> Par contre ouvert seulement aux personnes majeures, la carte d\u2019identit\u00e9 peut \u00eatre demand\u00e9e. <\/strong>De plus, suivant le nombre de personnes se trouvant d\u00e9j\u00e0 au Fitness, les entr\u00e9es peuvent \u00eatre limit\u00e9es et l&rsquo;acc\u00e8s aux participants de la Suisse bouge refus\u00e9.<\/div><\/div>\n<div class=\"su-spoiler su-spoiler-style-fancy su-spoiler-icon-plus su-spoiler-closed\" data-scroll-offset=\"0\" data-anchor-in-url=\"no\"><div class=\"su-spoiler-title\" tabindex=\"0\" role=\"button\"><span class=\"su-spoiler-icon\"><\/span>Urban parkfitness<\/div><div class=\"su-spoiler-content su-u-clearfix su-u-trim\"> Venez profiter de d\u00e9couvrir ce tout nouveau fitness \u00e0 ciel ouvert. Autour de celui-ci une piste d\u2019environ 700m accessible aux coureurs, trottinettes, v\u00e9lo, marcheurs, skater etc. Un coach sera pr\u00e9sent le mercredi soir, mais sinon nous d\u00e9clinons toutes responsabilit\u00e9s en cas d\u2019accident.<\/div><\/div>\n<p>&nbsp;<\/p>\n<ul>\n<li><strong>Station Self Scanning avec QR code:<\/strong> Nous avons mis en place 5 stations self scanning&nbsp;:<\/li>\n<\/ul>\n<p>A Estavayer&nbsp;:&nbsp;&nbsp;<\/p>\n<ul>\n<li>Urban Park de la Prillaz<\/li>\n<li>Plage communale<\/li>\n<li>Amarante<\/li>\n<\/ul>\n<p>A Murist devant l\u2019\u00e9cole<\/p>\n<p>A Rueyres-les-Pr\u00e8s \u00e0 la salle de gym<\/p>\n<p>Ces stations permettent de faire une activit\u00e9 \u00e0 n\u2019importe quelle heure durant toute la semaine. Pour participer au self-scanning, il suffit de t\u00e9l\u00e9charger l\u2019application \u00ab\u00a0Duel intercommunal Coop\u00a0\u00bb via App store ou Google play, s\u00e9lectionner Estavayer, scanner le QR code, faire du sport (course \u00e0 pieds, v\u00e9lo, marche et autre) puis re-scanner le QR code une fois termin\u00e9.<\/p>\n<p>Ces minutes de sport seront alors accumul\u00e9es \u00e0 celles du reste de la semaine.<\/p>\n<p><a href=\"https:\/\/www.fsgestavayer.ch\/wp-contenu\/uploads\/2019\/05\/programme-CHB19A.jpg\"><img loading=\"lazy\" decoding=\"async\" class=\"alignleft size-full wp-image-7432\" src=\"https:\/\/www.fsgestavayer.ch\/wp-contenu\/uploads\/2019\/05\/programme-CHB19A.jpg\" alt=\"\" width=\"554\" height=\"782\" srcset=\"https:\/\/www.fsgestavayer.ch\/wp-contenu\/uploads\/2019\/05\/programme-CHB19A.jpg 554w, https:\/\/www.fsgestavayer.ch\/wp-contenu\/uploads\/2019\/05\/programme-CHB19A-213x300.jpg 213w\" sizes=\"auto, (max-width: 554px) 100vw, 554px\" \/><\/a> <a href=\"https:\/\/www.fsgestavayer.ch\/wp-contenu\/uploads\/2019\/05\/programme-CHB19B.jpg\"><img loading=\"lazy\" decoding=\"async\" class=\"alignleft size-full wp-image-7433\" src=\"https:\/\/www.fsgestavayer.ch\/wp-contenu\/uploads\/2019\/05\/programme-CHB19B.jpg\" alt=\"\" width=\"540\" height=\"789\" srcset=\"https:\/\/www.fsgestavayer.ch\/wp-contenu\/uploads\/2019\/05\/programme-CHB19B.jpg 540w, https:\/\/www.fsgestavayer.ch\/wp-contenu\/uploads\/2019\/05\/programme-CHB19B-205x300.jpg 205w\" sizes=\"auto, (max-width: 540px) 100vw, 540px\" \/><\/a> <a href=\"https:\/\/www.fsgestavayer.ch\/wp-contenu\/uploads\/2019\/05\/programme-CHB19C.jpg\"><img loading=\"lazy\" decoding=\"async\" class=\"alignleft size-full wp-image-7434\" src=\"https:\/\/www.fsgestavayer.ch\/wp-contenu\/uploads\/2019\/05\/programme-CHB19C.jpg\" alt=\"\" width=\"529\" height=\"784\" srcset=\"https:\/\/www.fsgestavayer.ch\/wp-contenu\/uploads\/2019\/05\/programme-CHB19C.jpg 529w, https:\/\/www.fsgestavayer.ch\/wp-contenu\/uploads\/2019\/05\/programme-CHB19C-202x300.jpg 202w\" sizes=\"auto, (max-width: 529px) 100vw, 529px\" \/><\/a><\/p>\n<p>&nbsp;<\/p>\n<p><a href=\"https:\/\/www.fsgestavayer.ch\/wp-contenu\/uploads\/2019\/05\/Suisse-bouge-2019A.jpg\"><img loading=\"lazy\" decoding=\"async\" class=\"alignleft size-full wp-image-7402\" src=\"https:\/\/www.fsgestavayer.ch\/wp-contenu\/uploads\/2019\/05\/Suisse-bouge-2019A.jpg\" alt=\"\" width=\"520\" height=\"750\" srcset=\"https:\/\/www.fsgestavayer.ch\/wp-contenu\/uploads\/2019\/05\/Suisse-bouge-2019A.jpg 520w, https:\/\/www.fsgestavayer.ch\/wp-contenu\/uploads\/2019\/05\/Suisse-bouge-2019A-208x300.jpg 208w\" sizes=\"auto, (max-width: 520px) 100vw, 520px\" \/><\/a> <a href=\"https:\/\/www.fsgestavayer.ch\/wp-contenu\/uploads\/2019\/05\/Suisse-bouge-2019B.jpg\"><img loading=\"lazy\" decoding=\"async\" class=\"alignleft size-full wp-image-7403\" src=\"https:\/\/www.fsgestavayer.ch\/wp-contenu\/uploads\/2019\/05\/Suisse-bouge-2019B.jpg\" alt=\"\" width=\"520\" height=\"750\" srcset=\"https:\/\/www.fsgestavayer.ch\/wp-contenu\/uploads\/2019\/05\/Suisse-bouge-2019B.jpg 520w, https:\/\/www.fsgestavayer.ch\/wp-contenu\/uploads\/2019\/05\/Suisse-bouge-2019B-208x300.jpg 208w\" sizes=\"auto, (max-width: 520px) 100vw, 520px\" \/><\/a> <a href=\"https:\/\/www.fsgestavayer.ch\/wp-contenu\/uploads\/2019\/05\/Suisse-bouge-2019C.jpg\"><img loading=\"lazy\" decoding=\"async\" class=\"alignleft size-full wp-image-7404\" src=\"https:\/\/www.fsgestavayer.ch\/wp-contenu\/uploads\/2019\/05\/Suisse-bouge-2019C.jpg\" alt=\"\" width=\"520\" height=\"750\" srcset=\"https:\/\/www.fsgestavayer.ch\/wp-contenu\/uploads\/2019\/05\/Suisse-bouge-2019C.jpg 520w, https:\/\/www.fsgestavayer.ch\/wp-contenu\/uploads\/2019\/05\/Suisse-bouge-2019C-208x300.jpg 208w\" sizes=\"auto, (max-width: 520px) 100vw, 520px\" \/><\/a><\/p>\n","protected":false},"excerpt":{"rendered":"<p>En mai, fais ce qu&rsquo;il te plait&#8230; mais rejoins-nous \u00e0 la Suisse bouge!&nbsp; Cette ann\u00e9e, la Suisse bouge se d\u00e9roule du 13 au 17 mai <a class=\"more-link\" href=\"https:\/\/www.fsgestavayer.ch\/?p=7392\">Continuer la lecture <span class=\"screen-reader-text\">  La Suisse Bouge 2019<\/span><span class=\"meta-nav\">&rarr;<\/span><\/a><\/p>\n","protected":false},"author":3,"featured_media":7402,"comment_status":"closed","ping_status":"open","sticky":false,"template":"","format":"standard","meta":{"ngg_post_thumbnail":0,"footnotes":""},"categories":[21],"tags":[22],"class_list":["post-7392","post","type-post","status-publish","format-standard","has-post-thumbnail","hentry","category-la-suisse-bouge","tag-la-suisse-bouge-2"],"_links":{"self":[{"href":"https:\/\/www.fsgestavayer.ch\/index.php?rest_route=\/wp\/v2\/posts\/7392","targetHints":{"allow":["GET"]}}],"collection":[{"href":"https:\/\/www.fsgestavayer.ch\/index.php?rest_route=\/wp\/v2\/posts"}],"about":[{"href":"https:\/\/www.fsgestavayer.ch\/index.php?rest_route=\/wp\/v2\/types\/post"}],"author":[{"embeddable":true,"href":"https:\/\/www.fsgestavayer.ch\/index.php?rest_route=\/wp\/v2\/users\/3"}],"replies":[{"embeddable":true,"href":"https:\/\/www.fsgestavayer.ch\/index.php?rest_route=%2Fwp%2Fv2%2Fcomments&post=7392"}],"version-history":[{"count":0,"href":"https:\/\/www.fsgestavayer.ch\/index.php?rest_route=\/wp\/v2\/posts\/7392\/revisions"}],"wp:featuredmedia":[{"embeddable":true,"href":"https:\/\/www.fsgestavayer.ch\/index.php?rest_route=\/wp\/v2\/media\/7402"}],"wp:attachment":[{"href":"https:\/\/www.fsgestavayer.ch\/index.php?rest_route=%2Fwp%2Fv2%2Fmedia&parent=7392"}],"wp:term":[{"taxonomy":"category","embeddable":true,"href":"https:\/\/www.fsgestavayer.ch\/index.php?rest_route=%2Fwp%2Fv2%2Fcategories&post=7392"},{"taxonomy":"post_tag","embeddable":true,"href":"https:\/\/www.fsgestavayer.ch\/index.php?rest_route=%2Fwp%2Fv2%2Ftags&post=7392"}],"curies":[{"name":"wp","href":"https:\/\/api.w.org\/{rel}","templated":true}]}}