{"id":660,"date":"2014-04-20T22:08:05","date_gmt":"2014-04-20T20:08:05","guid":{"rendered":"http:\/\/www.fsgestavayer.ch\/?p=660"},"modified":"2014-04-20T22:51:40","modified_gmt":"2014-04-20T20:51:40","slug":"la-suisse-bouge","status":"publish","type":"post","link":"https:\/\/www.fsgestavayer.ch\/?p=660","title":{"rendered":"La Suisse bouge !"},"content":{"rendered":"<p>L&rsquo;\u00e9dition 2014 de La Suisse bouge aura lieu du 5 au 9 mai.<\/p>\n<p>Vous aurez l&rsquo;occasion de marcher, grimper, faire du v\u00e9lo, nager, danser, courir, d\u00e9couvrir le Vo-Vietnam ou le Smovey, pratiquer diff\u00e9rents jeux de raquettes et bien s\u00fbr se retrouver pour le souper du Vendredi !<\/p>\n<p>Retrouvez toutes les informations ci-dessous pour pr\u00e9parer cette semaine sportive :<br \/>\n(cliquer pour afficher en grand)<\/p>\n<p><a href=\"https:\/\/www.fsgestavayer.ch\/wp-contenu\/uploads\/2014\/04\/14_explicatifs_La-Suisse-bouge.jpg\"><img loading=\"lazy\" decoding=\"async\" class=\"alignnone size-full wp-image-661\" alt=\"14_explicatifs_La Suisse bouge\" src=\"https:\/\/www.fsgestavayer.ch\/wp-contenu\/uploads\/2014\/04\/14_explicatifs_La-Suisse-bouge.jpg\" width=\"828\" height=\"1174\" srcset=\"https:\/\/www.fsgestavayer.ch\/wp-contenu\/uploads\/2014\/04\/14_explicatifs_La-Suisse-bouge.jpg 828w, https:\/\/www.fsgestavayer.ch\/wp-contenu\/uploads\/2014\/04\/14_explicatifs_La-Suisse-bouge-211x300.jpg 211w, https:\/\/www.fsgestavayer.ch\/wp-contenu\/uploads\/2014\/04\/14_explicatifs_La-Suisse-bouge-722x1024.jpg 722w\" sizes=\"auto, (max-width: 828px) 100vw, 828px\" \/><\/a><\/p>\n<p><a href=\"https:\/\/www.fsgestavayer.ch\/wp-contenu\/uploads\/2014\/04\/14_prog-def_La-Suisse-bouge.jpg\"><img loading=\"lazy\" decoding=\"async\" class=\"alignnone size-full wp-image-662\" alt=\"14_prog def_La Suisse bouge\" src=\"https:\/\/www.fsgestavayer.ch\/wp-contenu\/uploads\/2014\/04\/14_prog-def_La-Suisse-bouge.jpg\" width=\"1045\" height=\"1554\" srcset=\"https:\/\/www.fsgestavayer.ch\/wp-contenu\/uploads\/2014\/04\/14_prog-def_La-Suisse-bouge.jpg 1045w, https:\/\/www.fsgestavayer.ch\/wp-contenu\/uploads\/2014\/04\/14_prog-def_La-Suisse-bouge-201x300.jpg 201w, https:\/\/www.fsgestavayer.ch\/wp-contenu\/uploads\/2014\/04\/14_prog-def_La-Suisse-bouge-688x1024.jpg 688w\" sizes=\"auto, (max-width: 1045px) 100vw, 1045px\" \/><\/a><\/p>\n","protected":false},"excerpt":{"rendered":"<p>L&rsquo;\u00e9dition 2014 de La Suisse bouge aura lieu du 5 au 9 mai. Vous aurez l&rsquo;occasion de marcher, grimper, faire du v\u00e9lo, nager, danser, courir, <a class=\"more-link\" href=\"https:\/\/www.fsgestavayer.ch\/?p=660\">Continuer la lecture <span class=\"screen-reader-text\">  La Suisse bouge !<\/span><span class=\"meta-nav\">&rarr;<\/span><\/a><\/p>\n","protected":false},"author":3,"featured_media":0,"comment_status":"closed","ping_status":"open","sticky":false,"template":"","format":"standard","meta":{"ngg_post_thumbnail":0,"footnotes":""},"categories":[21],"tags":[22],"class_list":["post-660","post","type-post","status-publish","format-standard","hentry","category-la-suisse-bouge","tag-la-suisse-bouge-2"],"_links":{"self":[{"href":"https:\/\/www.fsgestavayer.ch\/index.php?rest_route=\/wp\/v2\/posts\/660","targetHints":{"allow":["GET"]}}],"collection":[{"href":"https:\/\/www.fsgestavayer.ch\/index.php?rest_route=\/wp\/v2\/posts"}],"about":[{"href":"https:\/\/www.fsgestavayer.ch\/index.php?rest_route=\/wp\/v2\/types\/post"}],"author":[{"embeddable":true,"href":"https:\/\/www.fsgestavayer.ch\/index.php?rest_route=\/wp\/v2\/users\/3"}],"replies":[{"embeddable":true,"href":"https:\/\/www.fsgestavayer.ch\/index.php?rest_route=%2Fwp%2Fv2%2Fcomments&post=660"}],"version-history":[{"count":0,"href":"https:\/\/www.fsgestavayer.ch\/index.php?rest_route=\/wp\/v2\/posts\/660\/revisions"}],"wp:attachment":[{"href":"https:\/\/www.fsgestavayer.ch\/index.php?rest_route=%2Fwp%2Fv2%2Fmedia&parent=660"}],"wp:term":[{"taxonomy":"category","embeddable":true,"href":"https:\/\/www.fsgestavayer.ch\/index.php?rest_route=%2Fwp%2Fv2%2Fcategories&post=660"},{"taxonomy":"post_tag","embeddable":true,"href":"https:\/\/www.fsgestavayer.ch\/index.php?rest_route=%2Fwp%2Fv2%2Ftags&post=660"}],"curies":[{"name":"wp","href":"https:\/\/api.w.org\/{rel}","templated":true}]}}