{"id":632,"date":"2015-01-27T23:13:20","date_gmt":"2015-01-27T22:13:20","guid":{"rendered":"http:\/\/www.fsgestavayer.ch\/?p=632"},"modified":"2015-01-28T23:02:23","modified_gmt":"2015-01-28T22:02:23","slug":"athletisme-calendrier-inscriptions-aux-competitions","status":"publish","type":"post","link":"https:\/\/www.fsgestavayer.ch\/?p=632","title":{"rendered":"Athl\u00e9tisme : calendrier &#038; inscriptions aux comp\u00e9titions"},"content":{"rendered":"<p>Le calendrier des comp\u00e9titions d&rsquo;athl\u00e9tisme ainsi que les informations concernant les inscriptions sont\u00a0mis \u00e0 jour.<\/p>\n<p>&nbsp;<\/p>\n<p>Retrouvez toutes ces informations sur la page du <a title=\"Athl\u00e9tisme\" href=\"https:\/\/www.fsgestavayer.ch\/?page_id=42\">groupe Athl\u00e9tisme.<\/a><\/p>\n","protected":false},"excerpt":{"rendered":"<p>Le calendrier des comp\u00e9titions d&rsquo;athl\u00e9tisme ainsi que les informations concernant les inscriptions sont\u00a0mis \u00e0 jour. &nbsp; Retrouvez toutes ces informations sur la page du groupe <a class=\"more-link\" href=\"https:\/\/www.fsgestavayer.ch\/?p=632\">Continuer la lecture <span class=\"screen-reader-text\">  Athl\u00e9tisme : calendrier &#038; inscriptions aux comp\u00e9titions<\/span><span class=\"meta-nav\">&rarr;<\/span><\/a><\/p>\n","protected":false},"author":3,"featured_media":0,"comment_status":"closed","ping_status":"open","sticky":false,"template":"","format":"standard","meta":{"ngg_post_thumbnail":0,"footnotes":""},"categories":[4],"tags":[],"class_list":["post-632","post","type-post","status-publish","format-standard","hentry","category-athletisme"],"_links":{"self":[{"href":"https:\/\/www.fsgestavayer.ch\/index.php?rest_route=\/wp\/v2\/posts\/632","targetHints":{"allow":["GET"]}}],"collection":[{"href":"https:\/\/www.fsgestavayer.ch\/index.php?rest_route=\/wp\/v2\/posts"}],"about":[{"href":"https:\/\/www.fsgestavayer.ch\/index.php?rest_route=\/wp\/v2\/types\/post"}],"author":[{"embeddable":true,"href":"https:\/\/www.fsgestavayer.ch\/index.php?rest_route=\/wp\/v2\/users\/3"}],"replies":[{"embeddable":true,"href":"https:\/\/www.fsgestavayer.ch\/index.php?rest_route=%2Fwp%2Fv2%2Fcomments&post=632"}],"version-history":[{"count":0,"href":"https:\/\/www.fsgestavayer.ch\/index.php?rest_route=\/wp\/v2\/posts\/632\/revisions"}],"wp:attachment":[{"href":"https:\/\/www.fsgestavayer.ch\/index.php?rest_route=%2Fwp%2Fv2%2Fmedia&parent=632"}],"wp:term":[{"taxonomy":"category","embeddable":true,"href":"https:\/\/www.fsgestavayer.ch\/index.php?rest_route=%2Fwp%2Fv2%2Fcategories&post=632"},{"taxonomy":"post_tag","embeddable":true,"href":"https:\/\/www.fsgestavayer.ch\/index.php?rest_route=%2Fwp%2Fv2%2Ftags&post=632"}],"curies":[{"name":"wp","href":"https:\/\/api.w.org\/{rel}","templated":true}]}}