{"id":564,"date":"2013-12-10T21:00:04","date_gmt":"2013-12-10T20:00:04","guid":{"rendered":"http:\/\/www.fsgestavayer.ch\/?p=564"},"modified":"2013-12-15T20:38:22","modified_gmt":"2013-12-15T19:38:22","slug":"coupe-de-noel","status":"publish","type":"post","link":"https:\/\/www.fsgestavayer.ch\/?p=564","title":{"rendered":"23\u00e8me \u00e9dition de la Coupe de No\u00ebl"},"content":{"rendered":"<h1 style=\"text-align: center;\"><strong><a href=\"https:\/\/www.fsgestavayer.ch\/wp-contenu\/uploads\/2013\/09\/pere-noel-au-revoir.png\"><img loading=\"lazy\" decoding=\"async\" alt=\"pere noel au revoir\" src=\"https:\/\/www.fsgestavayer.ch\/wp-contenu\/uploads\/2013\/09\/pere-noel-au-revoir.png\" width=\"459\" height=\"344\" \/><\/a><\/strong><\/h1>\n<div>\n<div>\n<div>\n<div><strong>Estavayer-le-Lac &#8211;\u00a0 23\u00e8me Coupe de No\u00ebl<\/strong><\/div>\n<div><\/div>\n<div>Un grand merci \u00e0 tous les acteurs de cette belle journ\u00e9e.<\/div>\n<div><\/div>\n<div>A la m\u00e9t\u00e9o, aux coureurs, aux b\u00e9n\u00e9voles et surtout aux organisateurs.<\/div>\n<div><\/div>\n<div><\/div>\n<div>Nous donnons d\u2019ores et d\u00e9j\u00e0 rendez-vous pour la 24\u00e8me \u00e9dition<\/div>\n<div>le 13 d\u00e9cembre 2014.<\/div>\n<\/div>\n<\/div>\n<\/div>\n","protected":false},"excerpt":{"rendered":"<p>Estavayer-le-Lac &#8211;\u00a0 23\u00e8me Coupe de No\u00ebl Un grand merci \u00e0 tous les acteurs de cette belle journ\u00e9e. A la m\u00e9t\u00e9o, aux coureurs, aux b\u00e9n\u00e9voles et <a class=\"more-link\" href=\"https:\/\/www.fsgestavayer.ch\/?p=564\">Continuer la lecture <span class=\"screen-reader-text\">  23\u00e8me \u00e9dition de la Coupe de No\u00ebl<\/span><span class=\"meta-nav\">&rarr;<\/span><\/a><\/p>\n","protected":false},"author":8,"featured_media":0,"comment_status":"closed","ping_status":"open","sticky":false,"template":"","format":"standard","meta":{"ngg_post_thumbnail":0,"footnotes":""},"categories":[1],"tags":[26],"class_list":["post-564","post","type-post","status-publish","format-standard","hentry","category-non-classe","tag-coupe-de-noel"],"_links":{"self":[{"href":"https:\/\/www.fsgestavayer.ch\/index.php?rest_route=\/wp\/v2\/posts\/564","targetHints":{"allow":["GET"]}}],"collection":[{"href":"https:\/\/www.fsgestavayer.ch\/index.php?rest_route=\/wp\/v2\/posts"}],"about":[{"href":"https:\/\/www.fsgestavayer.ch\/index.php?rest_route=\/wp\/v2\/types\/post"}],"author":[{"embeddable":true,"href":"https:\/\/www.fsgestavayer.ch\/index.php?rest_route=\/wp\/v2\/users\/8"}],"replies":[{"embeddable":true,"href":"https:\/\/www.fsgestavayer.ch\/index.php?rest_route=%2Fwp%2Fv2%2Fcomments&post=564"}],"version-history":[{"count":0,"href":"https:\/\/www.fsgestavayer.ch\/index.php?rest_route=\/wp\/v2\/posts\/564\/revisions"}],"wp:attachment":[{"href":"https:\/\/www.fsgestavayer.ch\/index.php?rest_route=%2Fwp%2Fv2%2Fmedia&parent=564"}],"wp:term":[{"taxonomy":"category","embeddable":true,"href":"https:\/\/www.fsgestavayer.ch\/index.php?rest_route=%2Fwp%2Fv2%2Fcategories&post=564"},{"taxonomy":"post_tag","embeddable":true,"href":"https:\/\/www.fsgestavayer.ch\/index.php?rest_route=%2Fwp%2Fv2%2Ftags&post=564"}],"curies":[{"name":"wp","href":"https:\/\/api.w.org\/{rel}","templated":true}]}}