{"id":5371,"date":"2018-03-05T02:14:11","date_gmt":"2018-03-05T01:14:11","guid":{"rendered":"http:\/\/www.fsgestavayer.ch\/?p=5371"},"modified":"2018-03-05T09:42:28","modified_gmt":"2018-03-05T08:42:28","slug":"soiree-de-gym-2018-les-photos","status":"publish","type":"post","link":"https:\/\/www.fsgestavayer.ch\/?p=5371","title":{"rendered":"Soir\u00e9e de gym 2018 : Les photos"},"content":{"rendered":"<p>Le public est venu nombreux pour cette soir\u00e9e de gym 2018. Les groupes de la FSG ont rivalis\u00e9 d&rsquo;inventivit\u00e9 et nous avons pu admirer un spectacle de grande qualit\u00e9 !<br \/>\nMerci \u00e0 tous les b\u00e9n\u00e9voles qui ont tout organis\u00e9 \u00e0 la perfection !<br \/>\nMerci \u00e0 nos deux conteuses Genevi\u00e8ve Anderfuhren et C\u00e9cile Duffey.<br \/>\nUn grand bravo \u00e0 nos invit\u00e9s Annie Auderset &amp; Arnaud Defferrard (Gym Danse, La Tour-de-Tr\u00eame).<\/p>\n<p>Vous trouverez ci-dessous les photos de la soir\u00e9e de gym 2018 :<\/p>\n<p>Pr\u00e9sentation :<\/p>\nngg_shortcode_0_placeholder\n<p>&nbsp;<\/p>\n<p>Parents-enfants :<\/p>\nngg_shortcode_1_placeholder\n<p>&nbsp;<\/p>\n<p>Gym enfantine :<\/p>\nngg_shortcode_2_placeholder\n<p>&nbsp;<\/p>\n<p>Jeunes gymnastes :<\/p>\nngg_shortcode_3_placeholder\n<p>&nbsp;<\/p>\n<p>Agr\u00e8s mini :<\/p>\nngg_shortcode_4_placeholder\n<p>&nbsp;<\/p>\n<p>Annie Auderset &amp; Arnaud Defferard &#8211; La Belle et la B\u00eate :<\/p>\nngg_shortcode_5_placeholder\n<p>&nbsp;<\/p>\n<p>Agr\u00e8s :<\/p>\nngg_shortcode_6_placeholder\n<p>&nbsp;<\/p>\n<p>Athl\u00e9tisme :<\/p>\nngg_shortcode_7_placeholder\n<p>&nbsp;<\/p>\n<p>Moniteurs :<\/p>\nngg_shortcode_8_placeholder\n","protected":false},"excerpt":{"rendered":"<p>Le public est venu nombreux pour cette soir\u00e9e de gym 2018. Les groupes de la FSG ont rivalis\u00e9 d&rsquo;inventivit\u00e9 et nous avons pu admirer un <a class=\"more-link\" href=\"https:\/\/www.fsgestavayer.ch\/?p=5371\">Continuer la lecture <span class=\"screen-reader-text\">  Soir\u00e9e de gym 2018 : Les photos<\/span><span class=\"meta-nav\">&rarr;<\/span><\/a><\/p>\n","protected":false},"author":3,"featured_media":5375,"comment_status":"closed","ping_status":"open","sticky":false,"template":"","format":"standard","meta":{"ngg_post_thumbnail":0,"footnotes":""},"categories":[1],"tags":[],"class_list":["post-5371","post","type-post","status-publish","format-standard","has-post-thumbnail","hentry","category-non-classe"],"_links":{"self":[{"href":"https:\/\/www.fsgestavayer.ch\/index.php?rest_route=\/wp\/v2\/posts\/5371","targetHints":{"allow":["GET"]}}],"collection":[{"href":"https:\/\/www.fsgestavayer.ch\/index.php?rest_route=\/wp\/v2\/posts"}],"about":[{"href":"https:\/\/www.fsgestavayer.ch\/index.php?rest_route=\/wp\/v2\/types\/post"}],"author":[{"embeddable":true,"href":"https:\/\/www.fsgestavayer.ch\/index.php?rest_route=\/wp\/v2\/users\/3"}],"replies":[{"embeddable":true,"href":"https:\/\/www.fsgestavayer.ch\/index.php?rest_route=%2Fwp%2Fv2%2Fcomments&post=5371"}],"version-history":[{"count":0,"href":"https:\/\/www.fsgestavayer.ch\/index.php?rest_route=\/wp\/v2\/posts\/5371\/revisions"}],"wp:featuredmedia":[{"embeddable":true,"href":"https:\/\/www.fsgestavayer.ch\/index.php?rest_route=\/wp\/v2\/media\/5375"}],"wp:attachment":[{"href":"https:\/\/www.fsgestavayer.ch\/index.php?rest_route=%2Fwp%2Fv2%2Fmedia&parent=5371"}],"wp:term":[{"taxonomy":"category","embeddable":true,"href":"https:\/\/www.fsgestavayer.ch\/index.php?rest_route=%2Fwp%2Fv2%2Fcategories&post=5371"},{"taxonomy":"post_tag","embeddable":true,"href":"https:\/\/www.fsgestavayer.ch\/index.php?rest_route=%2Fwp%2Fv2%2Ftags&post=5371"}],"curies":[{"name":"wp","href":"https:\/\/api.w.org\/{rel}","templated":true}]}}