{"id":4909,"date":"2018-02-25T19:13:51","date_gmt":"2018-02-25T18:13:51","guid":{"rendered":"http:\/\/www.fsgestavayer.ch\/?p=4909"},"modified":"2018-02-25T19:31:53","modified_gmt":"2018-02-25T18:31:53","slug":"soiree-de-gym-2018-les-contes","status":"publish","type":"post","link":"https:\/\/www.fsgestavayer.ch\/?p=4909","title":{"rendered":"Soir\u00e9e de Gym 2018 : Les Contes"},"content":{"rendered":"<p>La FSG Estavayer a le plaisir de vous inviter \u00e0 sa soir\u00e9e de gym les 3 et 4 mars prochains.<br \/>\nLe th\u00e8me de la soir\u00e9e sera Les Contes. Nous esp\u00e9rons vous y retrouver nombreux!<\/p>\n<p><a href=\"https:\/\/www.fsgestavayer.ch\/wp-contenu\/uploads\/2018\/02\/flyer-2018_1.jpg\"><img loading=\"lazy\" decoding=\"async\" class=\"alignleft size-full wp-image-4915\" src=\"https:\/\/www.fsgestavayer.ch\/wp-contenu\/uploads\/2018\/02\/flyer-2018_1.jpg\" alt=\"\" width=\"744\" height=\"1068\" srcset=\"https:\/\/www.fsgestavayer.ch\/wp-contenu\/uploads\/2018\/02\/flyer-2018_1.jpg 744w, https:\/\/www.fsgestavayer.ch\/wp-contenu\/uploads\/2018\/02\/flyer-2018_1-209x300.jpg 209w, https:\/\/www.fsgestavayer.ch\/wp-contenu\/uploads\/2018\/02\/flyer-2018_1-713x1024.jpg 713w\" sizes=\"auto, (max-width: 744px) 100vw, 744px\" \/><\/a><\/p>\n<p><a href=\"https:\/\/www.fsgestavayer.ch\/wp-contenu\/uploads\/2018\/02\/flyer-2018_1.jpg\"><img loading=\"lazy\" decoding=\"async\" class=\"alignleft size-full wp-image-4915\" src=\"https:\/\/www.fsgestavayer.ch\/wp-contenu\/uploads\/2018\/02\/flyer-2018_2.jpg\" alt=\"\" width=\"744\" height=\"1068\"><\/a><\/p>\n<p><a href=\"https:\/\/www.fsgestavayer.ch\/wp-contenu\/uploads\/2018\/02\/flyer-2018_1.jpg\"><img loading=\"lazy\" decoding=\"async\" class=\"alignleft size-full wp-image-4915\" src=\"https:\/\/www.fsgestavayer.ch\/wp-contenu\/uploads\/2018\/02\/flyer-2018_3.jpg\" alt=\"\" width=\"744\" height=\"1068\"><\/a><\/p>\n<p><a href=\"https:\/\/www.fsgestavayer.ch\/wp-contenu\/uploads\/2018\/02\/flyer-2018_1.jpg\"><img loading=\"lazy\" decoding=\"async\" class=\"alignleft size-full wp-image-4915\" src=\"https:\/\/www.fsgestavayer.ch\/wp-contenu\/uploads\/2018\/02\/flyer-2018_4.jpg\" alt=\"\" width=\"744\" height=\"1068\"><\/a><\/p>\n","protected":false},"excerpt":{"rendered":"<p>La FSG Estavayer a le plaisir de vous inviter \u00e0 sa soir\u00e9e de gym les 3 et 4 mars prochains. Le th\u00e8me de la soir\u00e9e <a class=\"more-link\" href=\"https:\/\/www.fsgestavayer.ch\/?p=4909\">Continuer la lecture <span class=\"screen-reader-text\">  Soir\u00e9e de Gym 2018 : Les Contes<\/span><span class=\"meta-nav\">&rarr;<\/span><\/a><\/p>\n","protected":false},"author":3,"featured_media":4922,"comment_status":"closed","ping_status":"open","sticky":false,"template":"","format":"standard","meta":{"ngg_post_thumbnail":0,"footnotes":""},"categories":[1],"tags":[27],"class_list":["post-4909","post","type-post","status-publish","format-standard","has-post-thumbnail","hentry","category-non-classe","tag-soiree-de-gym"],"_links":{"self":[{"href":"https:\/\/www.fsgestavayer.ch\/index.php?rest_route=\/wp\/v2\/posts\/4909","targetHints":{"allow":["GET"]}}],"collection":[{"href":"https:\/\/www.fsgestavayer.ch\/index.php?rest_route=\/wp\/v2\/posts"}],"about":[{"href":"https:\/\/www.fsgestavayer.ch\/index.php?rest_route=\/wp\/v2\/types\/post"}],"author":[{"embeddable":true,"href":"https:\/\/www.fsgestavayer.ch\/index.php?rest_route=\/wp\/v2\/users\/3"}],"replies":[{"embeddable":true,"href":"https:\/\/www.fsgestavayer.ch\/index.php?rest_route=%2Fwp%2Fv2%2Fcomments&post=4909"}],"version-history":[{"count":0,"href":"https:\/\/www.fsgestavayer.ch\/index.php?rest_route=\/wp\/v2\/posts\/4909\/revisions"}],"wp:featuredmedia":[{"embeddable":true,"href":"https:\/\/www.fsgestavayer.ch\/index.php?rest_route=\/wp\/v2\/media\/4922"}],"wp:attachment":[{"href":"https:\/\/www.fsgestavayer.ch\/index.php?rest_route=%2Fwp%2Fv2%2Fmedia&parent=4909"}],"wp:term":[{"taxonomy":"category","embeddable":true,"href":"https:\/\/www.fsgestavayer.ch\/index.php?rest_route=%2Fwp%2Fv2%2Fcategories&post=4909"},{"taxonomy":"post_tag","embeddable":true,"href":"https:\/\/www.fsgestavayer.ch\/index.php?rest_route=%2Fwp%2Fv2%2Ftags&post=4909"}],"curies":[{"name":"wp","href":"https:\/\/api.w.org\/{rel}","templated":true}]}}