{"id":3834,"date":"2017-09-06T11:44:10","date_gmt":"2017-09-06T09:44:10","guid":{"rendered":"http:\/\/www.fsgestavayer.ch\/?p=3834"},"modified":"2017-09-06T11:45:34","modified_gmt":"2017-09-06T09:45:34","slug":"finale-cantonale-mille-gruyere-2-athletes-staviacois-sur-le-podium","status":"publish","type":"post","link":"https:\/\/www.fsgestavayer.ch\/?p=3834","title":{"rendered":"Finale cantonale Mille gruy\u00e8re: 2 athl\u00e8tes staviacois sur le podium !"},"content":{"rendered":"<div>Belle r\u00e9ussite pour les 2 athl\u00e8tes de la FSG Estavayer-le-Lac engag\u00e9s lors de la finale cantonale du mille gruy\u00e8re, samedi 2 septembre \u00e0 Bulle. Ainsi, Jonas Beutler a remport\u00e9 une excellente m\u00e9daille d&rsquo;argent chez les athl\u00e8tes n\u00e9s en 2008 et plus jeunes. Parti sur des bases tr\u00e8s rapides, il a boucl\u00e9 son 1000m en 3&rsquo;40\u00a0\u00bb, pulv\u00e9risant son record personnel de plus de 20 secondes. Quelques s\u00e9ries plus tard, Felix Seid s&rsquo;est adjug\u00e9 la m\u00e9daille de bronze dans le 1000m des athl\u00e8tes n\u00e9s en 2002 avec un finish \u00e9poustouflant et \u00e9galement un record personnel \u00e0 la cl\u00e9.<\/div>\n<div>&nbsp;<\/div>\n<div>Lien vers les r\u00e9sultats:&nbsp;<a href=\"http:\/\/www.mille-gruyere.ch\/files\/2017_MG_Resultate_RF_FR_Bulle_2017-09-02.pdf\">http:\/\/www.mille-gruyere.ch\/files\/2017_MG_Resultate_RF_FR_Bulle_2017-09-02.pdf<\/a><\/div>\n<div>&nbsp;<\/div>\n<div>Lien vers le site du Mille Gruy\u00e8re: <a href=\"http:\/\/www.mille-gruyere.ch\">http:\/\/www.mille-gruyere.ch<\/a><\/div>\n<div>&nbsp;<\/div>\n<div><a href=\"https:\/\/www.fsgestavayer.ch\/wp-contenu\/uploads\/2017\/09\/Mille-gruy\u00e8re-2017a.jpg\"><img loading=\"lazy\" decoding=\"async\" class=\"alignleft size-full wp-image-3835\" src=\"https:\/\/www.fsgestavayer.ch\/wp-contenu\/uploads\/2017\/09\/Mille-gruy\u00e8re-2017a.jpg\" alt=\"\" width=\"1200\" height=\"900\" srcset=\"https:\/\/www.fsgestavayer.ch\/wp-contenu\/uploads\/2017\/09\/Mille-gruy\u00e8re-2017a.jpg 1200w, https:\/\/www.fsgestavayer.ch\/wp-contenu\/uploads\/2017\/09\/Mille-gruy\u00e8re-2017a-300x225.jpg 300w, https:\/\/www.fsgestavayer.ch\/wp-contenu\/uploads\/2017\/09\/Mille-gruy\u00e8re-2017a-768x576.jpg 768w, https:\/\/www.fsgestavayer.ch\/wp-contenu\/uploads\/2017\/09\/Mille-gruy\u00e8re-2017a-1024x768.jpg 1024w\" sizes=\"auto, (max-width: 1200px) 100vw, 1200px\" \/><\/a><\/div>\n<div>&nbsp;<a href=\"https:\/\/www.fsgestavayer.ch\/wp-contenu\/uploads\/2017\/09\/Mille-gruy\u00e8re-2017b.jpg\"><img loading=\"lazy\" decoding=\"async\" class=\"alignleft size-full wp-image-3836\" src=\"https:\/\/www.fsgestavayer.ch\/wp-contenu\/uploads\/2017\/09\/Mille-gruy\u00e8re-2017b.jpg\" alt=\"\" width=\"1200\" height=\"900\" srcset=\"https:\/\/www.fsgestavayer.ch\/wp-contenu\/uploads\/2017\/09\/Mille-gruy\u00e8re-2017b.jpg 1200w, https:\/\/www.fsgestavayer.ch\/wp-contenu\/uploads\/2017\/09\/Mille-gruy\u00e8re-2017b-300x225.jpg 300w, https:\/\/www.fsgestavayer.ch\/wp-contenu\/uploads\/2017\/09\/Mille-gruy\u00e8re-2017b-768x576.jpg 768w, https:\/\/www.fsgestavayer.ch\/wp-contenu\/uploads\/2017\/09\/Mille-gruy\u00e8re-2017b-1024x768.jpg 1024w\" sizes=\"auto, (max-width: 1200px) 100vw, 1200px\" \/><\/a><\/div>\n","protected":false},"excerpt":{"rendered":"<p>Belle r\u00e9ussite pour les 2 athl\u00e8tes de la FSG Estavayer-le-Lac engag\u00e9s lors de la finale cantonale du mille gruy\u00e8re, samedi 2 septembre \u00e0 Bulle. Ainsi, <a class=\"more-link\" href=\"https:\/\/www.fsgestavayer.ch\/?p=3834\">Continuer la lecture <span class=\"screen-reader-text\">  Finale cantonale Mille gruy\u00e8re: 2 athl\u00e8tes staviacois sur le podium !<\/span><span class=\"meta-nav\">&rarr;<\/span><\/a><\/p>\n","protected":false},"author":3,"featured_media":3835,"comment_status":"closed","ping_status":"open","sticky":false,"template":"","format":"standard","meta":{"ngg_post_thumbnail":0,"footnotes":""},"categories":[4],"tags":[29],"class_list":["post-3834","post","type-post","status-publish","format-standard","has-post-thumbnail","hentry","category-athletisme","tag-finales-cantonales"],"_links":{"self":[{"href":"https:\/\/www.fsgestavayer.ch\/index.php?rest_route=\/wp\/v2\/posts\/3834","targetHints":{"allow":["GET"]}}],"collection":[{"href":"https:\/\/www.fsgestavayer.ch\/index.php?rest_route=\/wp\/v2\/posts"}],"about":[{"href":"https:\/\/www.fsgestavayer.ch\/index.php?rest_route=\/wp\/v2\/types\/post"}],"author":[{"embeddable":true,"href":"https:\/\/www.fsgestavayer.ch\/index.php?rest_route=\/wp\/v2\/users\/3"}],"replies":[{"embeddable":true,"href":"https:\/\/www.fsgestavayer.ch\/index.php?rest_route=%2Fwp%2Fv2%2Fcomments&post=3834"}],"version-history":[{"count":0,"href":"https:\/\/www.fsgestavayer.ch\/index.php?rest_route=\/wp\/v2\/posts\/3834\/revisions"}],"wp:featuredmedia":[{"embeddable":true,"href":"https:\/\/www.fsgestavayer.ch\/index.php?rest_route=\/wp\/v2\/media\/3835"}],"wp:attachment":[{"href":"https:\/\/www.fsgestavayer.ch\/index.php?rest_route=%2Fwp%2Fv2%2Fmedia&parent=3834"}],"wp:term":[{"taxonomy":"category","embeddable":true,"href":"https:\/\/www.fsgestavayer.ch\/index.php?rest_route=%2Fwp%2Fv2%2Fcategories&post=3834"},{"taxonomy":"post_tag","embeddable":true,"href":"https:\/\/www.fsgestavayer.ch\/index.php?rest_route=%2Fwp%2Fv2%2Ftags&post=3834"}],"curies":[{"name":"wp","href":"https:\/\/api.w.org\/{rel}","templated":true}]}}