{"id":3744,"date":"2017-04-04T13:29:53","date_gmt":"2017-04-04T11:29:53","guid":{"rendered":"http:\/\/www.fsgestavayer.ch\/?p=3744"},"modified":"2017-04-04T13:32:53","modified_gmt":"2017-04-04T11:32:53","slug":"la-suisse-bouge-a-estavayer-deja-10-ans","status":"publish","type":"post","link":"https:\/\/www.fsgestavayer.ch\/?p=3744","title":{"rendered":"La Suisse bouge \u00e0 Estavayer-le-Lac : d\u00e9j\u00e0 10 ans!"},"content":{"rendered":"<p>A Estavayer, l&rsquo;\u00e9dition 2017 de la Suisse bouge se d\u00e9roulera du 8 mai au 12 mai. Ce sera la 10\u00e8me \u00e9dition !<br \/>\nA cette occasion, le comit\u00e9 de la Suisse bouge organise une journ\u00e9e sp\u00e9ciale le dimanche 7 mai :<\/p>\n<p><strong>Nouveau record Suisse,<\/strong> la plus grande le\u00e7on de sport de Suisse (60 min.)<\/p>\n<p><strong>Dimanche 7 mai 2017 de 12h \u00e0 16h.<\/strong><br \/>\n<strong>Estavayer-le-Lac,<\/strong> place de sport de l&rsquo;Amarante en cas de beau temps \/ dans la salle de l&rsquo;Amarante en cas de mauvais temps.<\/p>\n<p><strong>Accessible \u00e0 tous et gratuit<\/strong> (jeunes et moins jeunes).<\/p>\n<p>Cette action nationale durant laquelle aura lieu le record Suisse sera m\u00e9diatis\u00e9e dans toutes ses phases et mettra en valeur l&rsquo;engagement des communes de la Suisse pour le sport.<\/p>\n<p>Renseignements et informations par e-mail \u00e0 suissebougeestavayer@romandie.com ou par t\u00e9l\u00e9phone Julien Roy au 079 862 33 19 ou Sylvie Caillet au 079 209 89 49.<\/p>\n<p>Le programme d\u00e9taill\u00e9 de cette journ\u00e9e et du reste de la semaine sera publi\u00e9 ces prochains jours.<\/p>\n","protected":false},"excerpt":{"rendered":"<p>A Estavayer, l&rsquo;\u00e9dition 2017 de la Suisse bouge se d\u00e9roulera du 8 mai au 12 mai. Ce sera la 10\u00e8me \u00e9dition ! A cette occasion, <a class=\"more-link\" href=\"https:\/\/www.fsgestavayer.ch\/?p=3744\">Continuer la lecture <span class=\"screen-reader-text\">  La Suisse bouge \u00e0 Estavayer-le-Lac : d\u00e9j\u00e0 10 ans!<\/span><span class=\"meta-nav\">&rarr;<\/span><\/a><\/p>\n","protected":false},"author":3,"featured_media":2779,"comment_status":"closed","ping_status":"open","sticky":false,"template":"","format":"standard","meta":{"ngg_post_thumbnail":0,"footnotes":""},"categories":[21],"tags":[22],"class_list":["post-3744","post","type-post","status-publish","format-standard","has-post-thumbnail","hentry","category-la-suisse-bouge","tag-la-suisse-bouge-2"],"_links":{"self":[{"href":"https:\/\/www.fsgestavayer.ch\/index.php?rest_route=\/wp\/v2\/posts\/3744","targetHints":{"allow":["GET"]}}],"collection":[{"href":"https:\/\/www.fsgestavayer.ch\/index.php?rest_route=\/wp\/v2\/posts"}],"about":[{"href":"https:\/\/www.fsgestavayer.ch\/index.php?rest_route=\/wp\/v2\/types\/post"}],"author":[{"embeddable":true,"href":"https:\/\/www.fsgestavayer.ch\/index.php?rest_route=\/wp\/v2\/users\/3"}],"replies":[{"embeddable":true,"href":"https:\/\/www.fsgestavayer.ch\/index.php?rest_route=%2Fwp%2Fv2%2Fcomments&post=3744"}],"version-history":[{"count":0,"href":"https:\/\/www.fsgestavayer.ch\/index.php?rest_route=\/wp\/v2\/posts\/3744\/revisions"}],"wp:featuredmedia":[{"embeddable":true,"href":"https:\/\/www.fsgestavayer.ch\/index.php?rest_route=\/wp\/v2\/media\/2779"}],"wp:attachment":[{"href":"https:\/\/www.fsgestavayer.ch\/index.php?rest_route=%2Fwp%2Fv2%2Fmedia&parent=3744"}],"wp:term":[{"taxonomy":"category","embeddable":true,"href":"https:\/\/www.fsgestavayer.ch\/index.php?rest_route=%2Fwp%2Fv2%2Fcategories&post=3744"},{"taxonomy":"post_tag","embeddable":true,"href":"https:\/\/www.fsgestavayer.ch\/index.php?rest_route=%2Fwp%2Fv2%2Ftags&post=3744"}],"curies":[{"name":"wp","href":"https:\/\/api.w.org\/{rel}","templated":true}]}}