{"id":2812,"date":"2016-07-07T15:33:59","date_gmt":"2016-07-07T13:33:59","guid":{"rendered":"http:\/\/www.fsgestavayer.ch\/?p=2812"},"modified":"2016-07-07T15:46:06","modified_gmt":"2016-07-07T13:46:06","slug":"athletisme-superbes-resultats-aux-finales-cantonales","status":"publish","type":"post","link":"https:\/\/www.fsgestavayer.ch\/?p=2812","title":{"rendered":"Athl\u00e9tisme &#8211; Superbes r\u00e9sultats aux finales cantonales"},"content":{"rendered":"<p>En ce d\u00e9but d&rsquo;\u00e9t\u00e9 les finales cantonales d&rsquo;athl\u00e9tisme se succ\u00e8dent et la FSG Estavayer a obtenu d&rsquo;excellents r\u00e9sultats! Bravo \u00e0 tous nos athl\u00e8tes!<\/p>\n<ul>\n<li><strong>2 juillet \u00e0 Fribourg &#8211; Finales cantonales de l&rsquo;UBS\u00a0Kids Cup<\/strong><br \/>\nL&rsquo;UBS Kids Cup (\u00e9preuve individuelle) couronne les meilleurs \u00e0 l&rsquo;issue de 3 disciplines d&rsquo;athl\u00e9tisme : 60m, lancer de balles et saut en longueur.<br \/>\nIl y a eu la participation de nombreux\u00a0athl\u00e8tes de la FSG Estavayer dont Jonas Beutler, L\u00e9o Jeanmonod, Lucas Baechler, F\u00e9lix Seid, L\u00e9o Duc et Benjamin Pillonel. Bravo aux 3 m\u00e9daill\u00e9s: Quentin Pauchard (bronze), Math\u00e9o Von Martini (bronze) et Eva Moreno (or).<br \/>\nEva se\u00a0qualifie ainsi pour la Finale Suisse au Letzigrund (Zurich) le 3 septembre prochain! Eva est une jeune athl\u00e8te arriv\u00e9e durant le cours de la saison et qui poss\u00e8de donc un talent tr\u00e8s prometteur!<\/li>\n<\/ul>\n<ul>\n<li><strong><strong><strong><strong>25 juin \u00e0 Fribourg : Finales cantonales du Swiss Athletics Sprint<br \/>\net du 1000m Gruy\u00e8re<\/strong><\/strong><\/strong><\/strong>&nbsp;<\/p>\n<p><strong>Sprint U18<\/strong><br \/>\nKleidiana Pereira\u00a0&#8211; 5\u00e8me place<\/p>\n<p><strong>Sprint U16<\/strong><br \/>\nL\u00e9o Duc (2002) &#8211;\u00a05\u00e8me place<br \/>\nBenjamin Pillonel (2001) &#8211;\u00a06\u00e8me place<\/p>\n<p><strong>Sprint U14<\/strong><br \/>\nLucas Baechler (2004) &#8211; 8\u00e8me place<br \/>\nAur\u00e9lien Thalmann (2003) &#8211; Qualifications<br \/>\nLukas Moreno (2004) &#8211;\u00a0Qualifications<\/p>\n<p><strong>Sprint U12<\/strong><br \/>\nM\u00e9daille d\u2019argent pour Math\u00e9o Von Martini (2006)<\/p>\n<p><strong>Sprint U10<\/strong><br \/>\nM\u00e9daille de Bronze pour Eva Moreno<\/p>\n<p><strong>1000m U16<\/strong><br \/>\nL\u00e9o Duc &#8211; 5\u00e8me place<\/p>\n<p><strong>1000m U12<\/strong><br \/>\nThomas Z\u00fcger &#8211; 8\u00e8me place<\/p>\n<p><strong>1000m U10<\/strong><br \/>\nQuentin Pauchard &#8211; 4\u00e8me place<\/li>\n<\/ul>\n<p><!-- index.php -->\n<div\n\tclass=\"ngg-galleryoverview\n\t\t\"\n\tid=\"ngg-gallery-49c958ec66e939f2c111d48c130a1077-1\">\n\n\t\t<div class=\"slideshowlink\">\n\t\t<a href='https:\/\/www.fsgestavayer.ch\/index.php\/nggallery\/slideshow?p=2812'>[Slideshow]<\/a>\n\n\t<\/div>\n\t\t\t<!-- Thumbnails -->\n\t\t\t\t<div id=\"ngg-image-0\" class=\"ngg-gallery-thumbnail-box\"\n\t\t\t\t\t\t\t\t\t\t\t>\n\t\t\t\t\t\t<div class=\"ngg-gallery-thumbnail\">\n\t\t\t<a href=\"https:\/\/www.fsgestavayer.ch\/wp-content\/gallery\/Finales-cantonales-2016\/20160702_163827.jpg\"\n\t\t\t\ttitle=\"\"\n\t\t\t\tdata-src=\"https:\/\/www.fsgestavayer.ch\/wp-content\/gallery\/Finales-cantonales-2016\/20160702_163827.jpg\"\n\t\t\t\tdata-thumbnail=\"https:\/\/www.fsgestavayer.ch\/wp-content\/gallery\/Finales-cantonales-2016\/thumbs\/thumbs_20160702_163827.jpg\"\n\t\t\t\tdata-image-id=\"799\"\n\t\t\t\tdata-title=\"20160702_163827\"\n\t\t\t\tdata-description=\"\"\n\t\t\t\tdata-image-slug=\"20160702_163827-1\"\n\t\t\t\tclass=\"ngg-fancybox\" rel=\"49c958ec66e939f2c111d48c130a1077\">\n\t\t\t\t<img\n\t\t\t\t\ttitle=\"20160702_163827\"\n\t\t\t\t\talt=\"20160702_163827\"\n\t\t\t\t\tsrc=\"https:\/\/www.fsgestavayer.ch\/wp-content\/gallery\/Finales-cantonales-2016\/thumbs\/thumbs_20160702_163827.jpg\"\n\t\t\t\t\twidth=\"120\"\n\t\t\t\t\theight=\"90\"\n\t\t\t\t\tstyle=\"max-width:100%;\"\n\t\t\t\t\/>\n\t\t\t<\/a>\n\t\t<\/div>\n\t\t\t\t\t\t\t<\/div>\n\t\t\t\n\t\t\n\t\t\t\t<div id=\"ngg-image-1\" class=\"ngg-gallery-thumbnail-box\"\n\t\t\t\t\t\t\t\t\t\t\t>\n\t\t\t\t\t\t<div class=\"ngg-gallery-thumbnail\">\n\t\t\t<a href=\"https:\/\/www.fsgestavayer.ch\/wp-content\/gallery\/Finales-cantonales-2016\/podium_kids_cup_Matheo.jpg\"\n\t\t\t\ttitle=\" \"\n\t\t\t\tdata-src=\"https:\/\/www.fsgestavayer.ch\/wp-content\/gallery\/Finales-cantonales-2016\/podium_kids_cup_Matheo.jpg\"\n\t\t\t\tdata-thumbnail=\"https:\/\/www.fsgestavayer.ch\/wp-content\/gallery\/Finales-cantonales-2016\/thumbs\/thumbs_podium_kids_cup_Matheo.jpg\"\n\t\t\t\tdata-image-id=\"800\"\n\t\t\t\tdata-title=\"podium_kids_cup_Matheo\"\n\t\t\t\tdata-description=\" \"\n\t\t\t\tdata-image-slug=\"podium_kids_cup_matheo-1\"\n\t\t\t\tclass=\"ngg-fancybox\" rel=\"49c958ec66e939f2c111d48c130a1077\">\n\t\t\t\t<img\n\t\t\t\t\ttitle=\"podium_kids_cup_Matheo\"\n\t\t\t\t\talt=\"podium_kids_cup_Matheo\"\n\t\t\t\t\tsrc=\"https:\/\/www.fsgestavayer.ch\/wp-content\/gallery\/Finales-cantonales-2016\/thumbs\/thumbs_podium_kids_cup_Matheo.jpg\"\n\t\t\t\t\twidth=\"120\"\n\t\t\t\t\theight=\"90\"\n\t\t\t\t\tstyle=\"max-width:100%;\"\n\t\t\t\t\/>\n\t\t\t<\/a>\n\t\t<\/div>\n\t\t\t\t\t\t\t<\/div>\n\t\t\t\n\t\t\n\t\t\t\t<div id=\"ngg-image-2\" class=\"ngg-gallery-thumbnail-box\"\n\t\t\t\t\t\t\t\t\t\t\t>\n\t\t\t\t\t\t<div class=\"ngg-gallery-thumbnail\">\n\t\t\t<a href=\"https:\/\/www.fsgestavayer.ch\/wp-content\/gallery\/Finales-cantonales-2016\/podium_sprint_Eva.jpg\"\n\t\t\t\ttitle=\" \"\n\t\t\t\tdata-src=\"https:\/\/www.fsgestavayer.ch\/wp-content\/gallery\/Finales-cantonales-2016\/podium_sprint_Eva.jpg\"\n\t\t\t\tdata-thumbnail=\"https:\/\/www.fsgestavayer.ch\/wp-content\/gallery\/Finales-cantonales-2016\/thumbs\/thumbs_podium_sprint_Eva.jpg\"\n\t\t\t\tdata-image-id=\"801\"\n\t\t\t\tdata-title=\"podium_sprint_Eva\"\n\t\t\t\tdata-description=\" \"\n\t\t\t\tdata-image-slug=\"podium_sprint_eva-1\"\n\t\t\t\tclass=\"ngg-fancybox\" rel=\"49c958ec66e939f2c111d48c130a1077\">\n\t\t\t\t<img\n\t\t\t\t\ttitle=\"podium_sprint_Eva\"\n\t\t\t\t\talt=\"podium_sprint_Eva\"\n\t\t\t\t\tsrc=\"https:\/\/www.fsgestavayer.ch\/wp-content\/gallery\/Finales-cantonales-2016\/thumbs\/thumbs_podium_sprint_Eva.jpg\"\n\t\t\t\t\twidth=\"120\"\n\t\t\t\t\theight=\"90\"\n\t\t\t\t\tstyle=\"max-width:100%;\"\n\t\t\t\t\/>\n\t\t\t<\/a>\n\t\t<\/div>\n\t\t\t\t\t\t\t<\/div>\n\t\t\t\n\t\t\n\t\t\t\t<div id=\"ngg-image-3\" class=\"ngg-gallery-thumbnail-box\"\n\t\t\t\t\t\t\t\t\t\t\t>\n\t\t\t\t\t\t<div class=\"ngg-gallery-thumbnail\">\n\t\t\t<a href=\"https:\/\/www.fsgestavayer.ch\/wp-content\/gallery\/Finales-cantonales-2016\/participants_sprint_et_mille.JPG\"\n\t\t\t\ttitle=\" \"\n\t\t\t\tdata-src=\"https:\/\/www.fsgestavayer.ch\/wp-content\/gallery\/Finales-cantonales-2016\/participants_sprint_et_mille.JPG\"\n\t\t\t\tdata-thumbnail=\"https:\/\/www.fsgestavayer.ch\/wp-content\/gallery\/Finales-cantonales-2016\/thumbs\/thumbs_participants_sprint_et_mille.JPG\"\n\t\t\t\tdata-image-id=\"802\"\n\t\t\t\tdata-title=\"participants_sprint_et_mille\"\n\t\t\t\tdata-description=\" \"\n\t\t\t\tdata-image-slug=\"participants_sprint_et_mille-1\"\n\t\t\t\tclass=\"ngg-fancybox\" rel=\"49c958ec66e939f2c111d48c130a1077\">\n\t\t\t\t<img\n\t\t\t\t\ttitle=\"participants_sprint_et_mille\"\n\t\t\t\t\talt=\"participants_sprint_et_mille\"\n\t\t\t\t\tsrc=\"https:\/\/www.fsgestavayer.ch\/wp-content\/gallery\/Finales-cantonales-2016\/thumbs\/thumbs_participants_sprint_et_mille.JPG\"\n\t\t\t\t\twidth=\"120\"\n\t\t\t\t\theight=\"90\"\n\t\t\t\t\tstyle=\"max-width:100%;\"\n\t\t\t\t\/>\n\t\t\t<\/a>\n\t\t<\/div>\n\t\t\t\t\t\t\t<\/div>\n\t\t\t\n\t\t\n\t\t\t\t<div id=\"ngg-image-4\" class=\"ngg-gallery-thumbnail-box\"\n\t\t\t\t\t\t\t\t\t\t\t>\n\t\t\t\t\t\t<div class=\"ngg-gallery-thumbnail\">\n\t\t\t<a href=\"https:\/\/www.fsgestavayer.ch\/wp-content\/gallery\/Finales-cantonales-2016\/participants_kids_cup.JPG\"\n\t\t\t\ttitle=\" \"\n\t\t\t\tdata-src=\"https:\/\/www.fsgestavayer.ch\/wp-content\/gallery\/Finales-cantonales-2016\/participants_kids_cup.JPG\"\n\t\t\t\tdata-thumbnail=\"https:\/\/www.fsgestavayer.ch\/wp-content\/gallery\/Finales-cantonales-2016\/thumbs\/thumbs_participants_kids_cup.JPG\"\n\t\t\t\tdata-image-id=\"803\"\n\t\t\t\tdata-title=\"participants_kids_cup\"\n\t\t\t\tdata-description=\" \"\n\t\t\t\tdata-image-slug=\"participants_kids_cup-1\"\n\t\t\t\tclass=\"ngg-fancybox\" rel=\"49c958ec66e939f2c111d48c130a1077\">\n\t\t\t\t<img\n\t\t\t\t\ttitle=\"participants_kids_cup\"\n\t\t\t\t\talt=\"participants_kids_cup\"\n\t\t\t\t\tsrc=\"https:\/\/www.fsgestavayer.ch\/wp-content\/gallery\/Finales-cantonales-2016\/thumbs\/thumbs_participants_kids_cup.JPG\"\n\t\t\t\t\twidth=\"120\"\n\t\t\t\t\theight=\"90\"\n\t\t\t\t\tstyle=\"max-width:100%;\"\n\t\t\t\t\/>\n\t\t\t<\/a>\n\t\t<\/div>\n\t\t\t\t\t\t\t<\/div>\n\t\t\t\n\t\t\n\t\t\t\t<div id=\"ngg-image-5\" class=\"ngg-gallery-thumbnail-box\"\n\t\t\t\t\t\t\t\t\t\t\t>\n\t\t\t\t\t\t<div class=\"ngg-gallery-thumbnail\">\n\t\t\t<a href=\"https:\/\/www.fsgestavayer.ch\/wp-content\/gallery\/Finales-cantonales-2016\/sprint2.JPG\"\n\t\t\t\ttitle=\" \"\n\t\t\t\tdata-src=\"https:\/\/www.fsgestavayer.ch\/wp-content\/gallery\/Finales-cantonales-2016\/sprint2.JPG\"\n\t\t\t\tdata-thumbnail=\"https:\/\/www.fsgestavayer.ch\/wp-content\/gallery\/Finales-cantonales-2016\/thumbs\/thumbs_sprint2.JPG\"\n\t\t\t\tdata-image-id=\"804\"\n\t\t\t\tdata-title=\"sprint2\"\n\t\t\t\tdata-description=\" \"\n\t\t\t\tdata-image-slug=\"sprint2-1\"\n\t\t\t\tclass=\"ngg-fancybox\" rel=\"49c958ec66e939f2c111d48c130a1077\">\n\t\t\t\t<img\n\t\t\t\t\ttitle=\"sprint2\"\n\t\t\t\t\talt=\"sprint2\"\n\t\t\t\t\tsrc=\"https:\/\/www.fsgestavayer.ch\/wp-content\/gallery\/Finales-cantonales-2016\/thumbs\/thumbs_sprint2.JPG\"\n\t\t\t\t\twidth=\"120\"\n\t\t\t\t\theight=\"90\"\n\t\t\t\t\tstyle=\"max-width:100%;\"\n\t\t\t\t\/>\n\t\t\t<\/a>\n\t\t<\/div>\n\t\t\t\t\t\t\t<\/div>\n\t\t\t\n\t\t\n\t\t\n\t\t<!-- Pagination -->\n\t\t<div class='ngg-clear'><\/div>\t<\/div>\n<\/p>\n","protected":false},"excerpt":{"rendered":"<p>En ce d\u00e9but d&rsquo;\u00e9t\u00e9 les finales cantonales d&rsquo;athl\u00e9tisme se succ\u00e8dent et la FSG Estavayer a obtenu d&rsquo;excellents r\u00e9sultats! Bravo \u00e0 tous nos athl\u00e8tes! 2 juillet <a class=\"more-link\" href=\"https:\/\/www.fsgestavayer.ch\/?p=2812\">Continuer la lecture <span class=\"screen-reader-text\">  Athl\u00e9tisme &#8211; Superbes r\u00e9sultats aux finales cantonales<\/span><span class=\"meta-nav\">&rarr;<\/span><\/a><\/p>\n","protected":false},"author":3,"featured_media":2829,"comment_status":"closed","ping_status":"open","sticky":false,"template":"","format":"standard","meta":{"ngg_post_thumbnail":0,"footnotes":""},"categories":[4],"tags":[29,19],"class_list":["post-2812","post","type-post","status-publish","format-standard","has-post-thumbnail","hentry","category-athletisme","tag-finales-cantonales","tag-kids-cup"],"_links":{"self":[{"href":"https:\/\/www.fsgestavayer.ch\/index.php?rest_route=\/wp\/v2\/posts\/2812","targetHints":{"allow":["GET"]}}],"collection":[{"href":"https:\/\/www.fsgestavayer.ch\/index.php?rest_route=\/wp\/v2\/posts"}],"about":[{"href":"https:\/\/www.fsgestavayer.ch\/index.php?rest_route=\/wp\/v2\/types\/post"}],"author":[{"embeddable":true,"href":"https:\/\/www.fsgestavayer.ch\/index.php?rest_route=\/wp\/v2\/users\/3"}],"replies":[{"embeddable":true,"href":"https:\/\/www.fsgestavayer.ch\/index.php?rest_route=%2Fwp%2Fv2%2Fcomments&post=2812"}],"version-history":[{"count":0,"href":"https:\/\/www.fsgestavayer.ch\/index.php?rest_route=\/wp\/v2\/posts\/2812\/revisions"}],"wp:featuredmedia":[{"embeddable":true,"href":"https:\/\/www.fsgestavayer.ch\/index.php?rest_route=\/wp\/v2\/media\/2829"}],"wp:attachment":[{"href":"https:\/\/www.fsgestavayer.ch\/index.php?rest_route=%2Fwp%2Fv2%2Fmedia&parent=2812"}],"wp:term":[{"taxonomy":"category","embeddable":true,"href":"https:\/\/www.fsgestavayer.ch\/index.php?rest_route=%2Fwp%2Fv2%2Fcategories&post=2812"},{"taxonomy":"post_tag","embeddable":true,"href":"https:\/\/www.fsgestavayer.ch\/index.php?rest_route=%2Fwp%2Fv2%2Ftags&post=2812"}],"curies":[{"name":"wp","href":"https:\/\/api.w.org\/{rel}","templated":true}]}}