{"id":2797,"date":"2016-05-19T23:24:20","date_gmt":"2016-05-19T21:24:20","guid":{"rendered":"http:\/\/www.fsgestavayer.ch\/?p=2797"},"modified":"2016-05-21T00:01:03","modified_gmt":"2016-05-20T22:01:03","slug":"la-suisse-bouge-2016-inscriptions","status":"publish","type":"post","link":"https:\/\/www.fsgestavayer.ch\/?p=2797","title":{"rendered":"La Suisse bouge 2016 : Inscriptions"},"content":{"rendered":"<p>Vous pouvez d\u00e8s maintenant vous inscrire pour l&rsquo;escalade et pour les activit\u00e9s pr\u00e9vues le jeudi \u00e0 la Nouvelle Plage&#8230; Attention, les places sont limit\u00e9es \ud83d\ude42<\/p>\n<p>Cliquez ci-dessous pour vous inscrire :<br \/>\n<a href=\"https:\/\/www.fsgestavayer.ch\/?event=la-suisse-bouge-escalade-groupe-du-lundi-salle-de-lamarante-2\">Escalade (Lundi)<\/a><br \/>\n<a href=\"https:\/\/www.fsgestavayer.ch\/?event=la-suisse-bouge-escalade-mercredi\">Escalade (Mercredi)<\/a><br \/>\n<a href=\"https:\/\/www.fsgestavayer.ch\/?event=la-suisse-bouge-activites-a-la-nouvelle-plage\">Aviron<\/a><br \/>\n<a href=\"https:\/\/www.fsgestavayer.ch\/?event=la-suisse-bouge-a-la-nouvelle-plage-paddle\">Paddle<\/a><br \/>\n<a href=\"https:\/\/www.fsgestavayer.ch\/?event=la-suisse-bouge-a-la-nouvelle-plage-pedalo\">P\u00e9dalo<\/a><br \/>\n<a href=\"https:\/\/www.fsgestavayer.ch\/?event=la-suisse-bouge-a-la-nouvelle-plage-tennis\">Tennis<\/a><\/p>\n<p>Vous pourrez \u00e9galement d\u00e9couvrir \u00e0 la Nouvelle Plage le jeu des Vikings : <a href=\"https:\/\/fr.wikipedia.org\/wiki\/Kubb\">Kubb<\/a><\/p>\n<p><a href=\"https:\/\/www.fsgestavayer.ch\/wp-contenu\/uploads\/2014\/04\/Escalade.jpg\"><img loading=\"lazy\" decoding=\"async\" class=\"alignnone size-full wp-image-873\" src=\"https:\/\/www.fsgestavayer.ch\/wp-contenu\/uploads\/2014\/04\/Escalade.jpg\" alt=\"SAMSUNG\" width=\"360\" height=\"480\" srcset=\"https:\/\/www.fsgestavayer.ch\/wp-contenu\/uploads\/2014\/04\/Escalade.jpg 360w, https:\/\/www.fsgestavayer.ch\/wp-contenu\/uploads\/2014\/04\/Escalade-225x300.jpg 225w\" sizes=\"auto, (max-width: 360px) 100vw, 360px\" \/><\/a><\/p>\n","protected":false},"excerpt":{"rendered":"<p>Vous pouvez d\u00e8s maintenant vous inscrire pour l&rsquo;escalade et pour les activit\u00e9s pr\u00e9vues le jeudi \u00e0 la Nouvelle Plage&#8230; Attention, les places sont limit\u00e9es \ud83d\ude42 <a class=\"more-link\" href=\"https:\/\/www.fsgestavayer.ch\/?p=2797\">Continuer la lecture <span class=\"screen-reader-text\">  La Suisse bouge 2016 : Inscriptions<\/span><span class=\"meta-nav\">&rarr;<\/span><\/a><\/p>\n","protected":false},"author":3,"featured_media":873,"comment_status":"closed","ping_status":"open","sticky":false,"template":"","format":"standard","meta":{"ngg_post_thumbnail":0,"footnotes":""},"categories":[21],"tags":[28,22],"class_list":["post-2797","post","type-post","status-publish","format-standard","has-post-thumbnail","hentry","category-la-suisse-bouge","tag-escalade","tag-la-suisse-bouge-2"],"_links":{"self":[{"href":"https:\/\/www.fsgestavayer.ch\/index.php?rest_route=\/wp\/v2\/posts\/2797","targetHints":{"allow":["GET"]}}],"collection":[{"href":"https:\/\/www.fsgestavayer.ch\/index.php?rest_route=\/wp\/v2\/posts"}],"about":[{"href":"https:\/\/www.fsgestavayer.ch\/index.php?rest_route=\/wp\/v2\/types\/post"}],"author":[{"embeddable":true,"href":"https:\/\/www.fsgestavayer.ch\/index.php?rest_route=\/wp\/v2\/users\/3"}],"replies":[{"embeddable":true,"href":"https:\/\/www.fsgestavayer.ch\/index.php?rest_route=%2Fwp%2Fv2%2Fcomments&post=2797"}],"version-history":[{"count":0,"href":"https:\/\/www.fsgestavayer.ch\/index.php?rest_route=\/wp\/v2\/posts\/2797\/revisions"}],"wp:featuredmedia":[{"embeddable":true,"href":"https:\/\/www.fsgestavayer.ch\/index.php?rest_route=\/wp\/v2\/media\/873"}],"wp:attachment":[{"href":"https:\/\/www.fsgestavayer.ch\/index.php?rest_route=%2Fwp%2Fv2%2Fmedia&parent=2797"}],"wp:term":[{"taxonomy":"category","embeddable":true,"href":"https:\/\/www.fsgestavayer.ch\/index.php?rest_route=%2Fwp%2Fv2%2Fcategories&post=2797"},{"taxonomy":"post_tag","embeddable":true,"href":"https:\/\/www.fsgestavayer.ch\/index.php?rest_route=%2Fwp%2Fv2%2Ftags&post=2797"}],"curies":[{"name":"wp","href":"https:\/\/api.w.org\/{rel}","templated":true}]}}