{"id":1944,"date":"2016-01-29T15:43:31","date_gmt":"2016-01-29T14:43:31","guid":{"rendered":"http:\/\/www.fsgestavayer.ch\/?p=1944"},"modified":"2016-01-29T15:44:08","modified_gmt":"2016-01-29T14:44:08","slug":"ubs-kids-cup-team-finale-regionale-a-domdidier","status":"publish","type":"post","link":"https:\/\/www.fsgestavayer.ch\/?p=1944","title":{"rendered":"UBS Kids Cup Team: Finale r\u00e9gionale \u00e0 Domdidier"},"content":{"rendered":"<p>La finale r\u00e9gionale de l&rsquo;UBS Kids Cup Team s&rsquo;est d\u00e9roul\u00e9e\u00a0le samedi 23 Janvier 2016 \u00e0 Domdidier.<br \/>\n4 \u00e9quipes de la FSG Estavayer et une \u00e9quipe des \u00e9coles d&rsquo;Estavayer s&rsquo;\u00e9taient qualifi\u00e9es lors de l&rsquo;\u00e9liminatoire locale, \u00e0 l&rsquo;Amarante le 21 Novembre dernier.<\/p>\n<p>Bravo \u00e0 tous les participants, et merci aux coachs\u00a0! Malgr\u00e9 tous les efforts, nous n&rsquo;aurons pas la chance d&rsquo;avoir une \u00e9quipe en finale suisse cette ann\u00e9e. Rendez-vous \u00e0 Domdidier le 13 mars prochain pour assister \u00e0 la finale suisse, et l&rsquo;ann\u00e9e prochaine pour tenter \u00e0 nouveau sa chance !<\/p>\n<p><strong>R\u00e9sultats :<br \/>\n<\/strong>U10 Gar\u00e7ons: Ecoles Estavayer 4\u00e8mes, FSG Estavayer 6\u00e8mes.<br \/>\nU12 Gar\u00e7ons: FSG Estavayer 5\u00e8mes.<br \/>\nU14 Gar\u00e7ons: FSG Estavayer 6\u00e8mes.<br \/>\nU16 Gar\u00e7ons: FSG Estavayer 7\u00e8mes.<\/p>\n<p><a href=\"http:\/\/www.ubs-kidscup.ch\/team\/files\/UBS_Kids_Cup_Team\/Orte\/Domdidier\/Resultats_UBS_Kids_Cup_Team_Finale_Regionale_23.01.2016_Domdidier.pdf\">R\u00e9sultats complets<\/a><\/p>\n<p><!-- index.php -->\n<div\n\tclass=\"ngg-galleryoverview\n\t\t\"\n\tid=\"ngg-gallery-8b5cd57b79cc07bda45c3dc9053561ff-1\">\n\n\t\t<div class=\"slideshowlink\">\n\t\t<a href='https:\/\/www.fsgestavayer.ch\/index.php\/nggallery\/slideshow?p=1944'>[Slideshow]<\/a>\n\n\t<\/div>\n\t\t\t<!-- Thumbnails -->\n\t\t\t\t<div id=\"ngg-image-0\" class=\"ngg-gallery-thumbnail-box\"\n\t\t\t\t\t\t\t\t\t\t\t>\n\t\t\t\t\t\t<div class=\"ngg-gallery-thumbnail\">\n\t\t\t<a href=\"https:\/\/www.fsgestavayer.ch\/wp-content\/gallery\/kids-cup-finale-regionale-2016-domdidier\/Image0001.jpg\"\n\t\t\t\ttitle=\"\"\n\t\t\t\tdata-src=\"https:\/\/www.fsgestavayer.ch\/wp-content\/gallery\/kids-cup-finale-regionale-2016-domdidier\/Image0001.jpg\"\n\t\t\t\tdata-thumbnail=\"https:\/\/www.fsgestavayer.ch\/wp-content\/gallery\/kids-cup-finale-regionale-2016-domdidier\/thumbs\/thumbs_Image0001.jpg\"\n\t\t\t\tdata-image-id=\"450\"\n\t\t\t\tdata-title=\"Image0001\"\n\t\t\t\tdata-description=\"\"\n\t\t\t\tdata-image-slug=\"image0001-3\"\n\t\t\t\tclass=\"ngg-fancybox\" rel=\"8b5cd57b79cc07bda45c3dc9053561ff\">\n\t\t\t\t<img\n\t\t\t\t\ttitle=\"Image0001\"\n\t\t\t\t\talt=\"Image0001\"\n\t\t\t\t\tsrc=\"https:\/\/www.fsgestavayer.ch\/wp-content\/gallery\/kids-cup-finale-regionale-2016-domdidier\/thumbs\/thumbs_Image0001.jpg\"\n\t\t\t\t\twidth=\"120\"\n\t\t\t\t\theight=\"90\"\n\t\t\t\t\tstyle=\"max-width:100%;\"\n\t\t\t\t\/>\n\t\t\t<\/a>\n\t\t<\/div>\n\t\t\t\t\t\t\t<\/div>\n\t\t\t\n\t\t\n\t\t\t\t<div id=\"ngg-image-1\" class=\"ngg-gallery-thumbnail-box\"\n\t\t\t\t\t\t\t\t\t\t\t>\n\t\t\t\t\t\t<div class=\"ngg-gallery-thumbnail\">\n\t\t\t<a href=\"https:\/\/www.fsgestavayer.ch\/wp-content\/gallery\/kids-cup-finale-regionale-2016-domdidier\/Image0002.jpg\"\n\t\t\t\ttitle=\"\"\n\t\t\t\tdata-src=\"https:\/\/www.fsgestavayer.ch\/wp-content\/gallery\/kids-cup-finale-regionale-2016-domdidier\/Image0002.jpg\"\n\t\t\t\tdata-thumbnail=\"https:\/\/www.fsgestavayer.ch\/wp-content\/gallery\/kids-cup-finale-regionale-2016-domdidier\/thumbs\/thumbs_Image0002.jpg\"\n\t\t\t\tdata-image-id=\"451\"\n\t\t\t\tdata-title=\"Image0002\"\n\t\t\t\tdata-description=\"\"\n\t\t\t\tdata-image-slug=\"image0002-3\"\n\t\t\t\tclass=\"ngg-fancybox\" rel=\"8b5cd57b79cc07bda45c3dc9053561ff\">\n\t\t\t\t<img\n\t\t\t\t\ttitle=\"Image0002\"\n\t\t\t\t\talt=\"Image0002\"\n\t\t\t\t\tsrc=\"https:\/\/www.fsgestavayer.ch\/wp-content\/gallery\/kids-cup-finale-regionale-2016-domdidier\/thumbs\/thumbs_Image0002.jpg\"\n\t\t\t\t\twidth=\"120\"\n\t\t\t\t\theight=\"90\"\n\t\t\t\t\tstyle=\"max-width:100%;\"\n\t\t\t\t\/>\n\t\t\t<\/a>\n\t\t<\/div>\n\t\t\t\t\t\t\t<\/div>\n\t\t\t\n\t\t\n\t\t\t\t<div id=\"ngg-image-2\" class=\"ngg-gallery-thumbnail-box\"\n\t\t\t\t\t\t\t\t\t\t\t>\n\t\t\t\t\t\t<div class=\"ngg-gallery-thumbnail\">\n\t\t\t<a href=\"https:\/\/www.fsgestavayer.ch\/wp-content\/gallery\/kids-cup-finale-regionale-2016-domdidier\/Image0003.jpg\"\n\t\t\t\ttitle=\"\"\n\t\t\t\tdata-src=\"https:\/\/www.fsgestavayer.ch\/wp-content\/gallery\/kids-cup-finale-regionale-2016-domdidier\/Image0003.jpg\"\n\t\t\t\tdata-thumbnail=\"https:\/\/www.fsgestavayer.ch\/wp-content\/gallery\/kids-cup-finale-regionale-2016-domdidier\/thumbs\/thumbs_Image0003.jpg\"\n\t\t\t\tdata-image-id=\"452\"\n\t\t\t\tdata-title=\"Image0003\"\n\t\t\t\tdata-description=\"\"\n\t\t\t\tdata-image-slug=\"image0003-3\"\n\t\t\t\tclass=\"ngg-fancybox\" rel=\"8b5cd57b79cc07bda45c3dc9053561ff\">\n\t\t\t\t<img\n\t\t\t\t\ttitle=\"Image0003\"\n\t\t\t\t\talt=\"Image0003\"\n\t\t\t\t\tsrc=\"https:\/\/www.fsgestavayer.ch\/wp-content\/gallery\/kids-cup-finale-regionale-2016-domdidier\/thumbs\/thumbs_Image0003.jpg\"\n\t\t\t\t\twidth=\"120\"\n\t\t\t\t\theight=\"90\"\n\t\t\t\t\tstyle=\"max-width:100%;\"\n\t\t\t\t\/>\n\t\t\t<\/a>\n\t\t<\/div>\n\t\t\t\t\t\t\t<\/div>\n\t\t\t\n\t\t\n\t\t\t\t<div id=\"ngg-image-3\" class=\"ngg-gallery-thumbnail-box\"\n\t\t\t\t\t\t\t\t\t\t\t>\n\t\t\t\t\t\t<div class=\"ngg-gallery-thumbnail\">\n\t\t\t<a href=\"https:\/\/www.fsgestavayer.ch\/wp-content\/gallery\/kids-cup-finale-regionale-2016-domdidier\/Image0004.jpg\"\n\t\t\t\ttitle=\"\"\n\t\t\t\tdata-src=\"https:\/\/www.fsgestavayer.ch\/wp-content\/gallery\/kids-cup-finale-regionale-2016-domdidier\/Image0004.jpg\"\n\t\t\t\tdata-thumbnail=\"https:\/\/www.fsgestavayer.ch\/wp-content\/gallery\/kids-cup-finale-regionale-2016-domdidier\/thumbs\/thumbs_Image0004.jpg\"\n\t\t\t\tdata-image-id=\"453\"\n\t\t\t\tdata-title=\"Image0004\"\n\t\t\t\tdata-description=\"\"\n\t\t\t\tdata-image-slug=\"image0004-3\"\n\t\t\t\tclass=\"ngg-fancybox\" rel=\"8b5cd57b79cc07bda45c3dc9053561ff\">\n\t\t\t\t<img\n\t\t\t\t\ttitle=\"Image0004\"\n\t\t\t\t\talt=\"Image0004\"\n\t\t\t\t\tsrc=\"https:\/\/www.fsgestavayer.ch\/wp-content\/gallery\/kids-cup-finale-regionale-2016-domdidier\/thumbs\/thumbs_Image0004.jpg\"\n\t\t\t\t\twidth=\"120\"\n\t\t\t\t\theight=\"90\"\n\t\t\t\t\tstyle=\"max-width:100%;\"\n\t\t\t\t\/>\n\t\t\t<\/a>\n\t\t<\/div>\n\t\t\t\t\t\t\t<\/div>\n\t\t\t\n\t\t\n\t\t\t\t<div id=\"ngg-image-4\" class=\"ngg-gallery-thumbnail-box\"\n\t\t\t\t\t\t\t\t\t\t\t>\n\t\t\t\t\t\t<div class=\"ngg-gallery-thumbnail\">\n\t\t\t<a href=\"https:\/\/www.fsgestavayer.ch\/wp-content\/gallery\/kids-cup-finale-regionale-2016-domdidier\/Image0005.jpg\"\n\t\t\t\ttitle=\"\"\n\t\t\t\tdata-src=\"https:\/\/www.fsgestavayer.ch\/wp-content\/gallery\/kids-cup-finale-regionale-2016-domdidier\/Image0005.jpg\"\n\t\t\t\tdata-thumbnail=\"https:\/\/www.fsgestavayer.ch\/wp-content\/gallery\/kids-cup-finale-regionale-2016-domdidier\/thumbs\/thumbs_Image0005.jpg\"\n\t\t\t\tdata-image-id=\"454\"\n\t\t\t\tdata-title=\"Image0005\"\n\t\t\t\tdata-description=\"\"\n\t\t\t\tdata-image-slug=\"image0005-3\"\n\t\t\t\tclass=\"ngg-fancybox\" rel=\"8b5cd57b79cc07bda45c3dc9053561ff\">\n\t\t\t\t<img\n\t\t\t\t\ttitle=\"Image0005\"\n\t\t\t\t\talt=\"Image0005\"\n\t\t\t\t\tsrc=\"https:\/\/www.fsgestavayer.ch\/wp-content\/gallery\/kids-cup-finale-regionale-2016-domdidier\/thumbs\/thumbs_Image0005.jpg\"\n\t\t\t\t\twidth=\"120\"\n\t\t\t\t\theight=\"90\"\n\t\t\t\t\tstyle=\"max-width:100%;\"\n\t\t\t\t\/>\n\t\t\t<\/a>\n\t\t<\/div>\n\t\t\t\t\t\t\t<\/div>\n\t\t\t\n\t\t\n\t\t\t\t<div id=\"ngg-image-5\" class=\"ngg-gallery-thumbnail-box\"\n\t\t\t\t\t\t\t\t\t\t\t>\n\t\t\t\t\t\t<div class=\"ngg-gallery-thumbnail\">\n\t\t\t<a href=\"https:\/\/www.fsgestavayer.ch\/wp-content\/gallery\/kids-cup-finale-regionale-2016-domdidier\/Image0006.jpg\"\n\t\t\t\ttitle=\"\"\n\t\t\t\tdata-src=\"https:\/\/www.fsgestavayer.ch\/wp-content\/gallery\/kids-cup-finale-regionale-2016-domdidier\/Image0006.jpg\"\n\t\t\t\tdata-thumbnail=\"https:\/\/www.fsgestavayer.ch\/wp-content\/gallery\/kids-cup-finale-regionale-2016-domdidier\/thumbs\/thumbs_Image0006.jpg\"\n\t\t\t\tdata-image-id=\"455\"\n\t\t\t\tdata-title=\"Image0006\"\n\t\t\t\tdata-description=\"\"\n\t\t\t\tdata-image-slug=\"image0006-3\"\n\t\t\t\tclass=\"ngg-fancybox\" rel=\"8b5cd57b79cc07bda45c3dc9053561ff\">\n\t\t\t\t<img\n\t\t\t\t\ttitle=\"Image0006\"\n\t\t\t\t\talt=\"Image0006\"\n\t\t\t\t\tsrc=\"https:\/\/www.fsgestavayer.ch\/wp-content\/gallery\/kids-cup-finale-regionale-2016-domdidier\/thumbs\/thumbs_Image0006.jpg\"\n\t\t\t\t\twidth=\"120\"\n\t\t\t\t\theight=\"90\"\n\t\t\t\t\tstyle=\"max-width:100%;\"\n\t\t\t\t\/>\n\t\t\t<\/a>\n\t\t<\/div>\n\t\t\t\t\t\t\t<\/div>\n\t\t\t\n\t\t\n\t\t\t\t<div id=\"ngg-image-6\" class=\"ngg-gallery-thumbnail-box\"\n\t\t\t\t\t\t\t\t\t\t\t>\n\t\t\t\t\t\t<div class=\"ngg-gallery-thumbnail\">\n\t\t\t<a href=\"https:\/\/www.fsgestavayer.ch\/wp-content\/gallery\/kids-cup-finale-regionale-2016-domdidier\/Image0007.jpg\"\n\t\t\t\ttitle=\"\"\n\t\t\t\tdata-src=\"https:\/\/www.fsgestavayer.ch\/wp-content\/gallery\/kids-cup-finale-regionale-2016-domdidier\/Image0007.jpg\"\n\t\t\t\tdata-thumbnail=\"https:\/\/www.fsgestavayer.ch\/wp-content\/gallery\/kids-cup-finale-regionale-2016-domdidier\/thumbs\/thumbs_Image0007.jpg\"\n\t\t\t\tdata-image-id=\"456\"\n\t\t\t\tdata-title=\"Image0007\"\n\t\t\t\tdata-description=\"\"\n\t\t\t\tdata-image-slug=\"image0007-3\"\n\t\t\t\tclass=\"ngg-fancybox\" rel=\"8b5cd57b79cc07bda45c3dc9053561ff\">\n\t\t\t\t<img\n\t\t\t\t\ttitle=\"Image0007\"\n\t\t\t\t\talt=\"Image0007\"\n\t\t\t\t\tsrc=\"https:\/\/www.fsgestavayer.ch\/wp-content\/gallery\/kids-cup-finale-regionale-2016-domdidier\/thumbs\/thumbs_Image0007.jpg\"\n\t\t\t\t\twidth=\"120\"\n\t\t\t\t\theight=\"90\"\n\t\t\t\t\tstyle=\"max-width:100%;\"\n\t\t\t\t\/>\n\t\t\t<\/a>\n\t\t<\/div>\n\t\t\t\t\t\t\t<\/div>\n\t\t\t\n\t\t\n\t\t\t\t<div id=\"ngg-image-7\" class=\"ngg-gallery-thumbnail-box\"\n\t\t\t\t\t\t\t\t\t\t\t>\n\t\t\t\t\t\t<div class=\"ngg-gallery-thumbnail\">\n\t\t\t<a href=\"https:\/\/www.fsgestavayer.ch\/wp-content\/gallery\/kids-cup-finale-regionale-2016-domdidier\/Image0008.jpg\"\n\t\t\t\ttitle=\"\"\n\t\t\t\tdata-src=\"https:\/\/www.fsgestavayer.ch\/wp-content\/gallery\/kids-cup-finale-regionale-2016-domdidier\/Image0008.jpg\"\n\t\t\t\tdata-thumbnail=\"https:\/\/www.fsgestavayer.ch\/wp-content\/gallery\/kids-cup-finale-regionale-2016-domdidier\/thumbs\/thumbs_Image0008.jpg\"\n\t\t\t\tdata-image-id=\"457\"\n\t\t\t\tdata-title=\"Image0008\"\n\t\t\t\tdata-description=\"\"\n\t\t\t\tdata-image-slug=\"image0008-5\"\n\t\t\t\tclass=\"ngg-fancybox\" rel=\"8b5cd57b79cc07bda45c3dc9053561ff\">\n\t\t\t\t<img\n\t\t\t\t\ttitle=\"Image0008\"\n\t\t\t\t\talt=\"Image0008\"\n\t\t\t\t\tsrc=\"https:\/\/www.fsgestavayer.ch\/wp-content\/gallery\/kids-cup-finale-regionale-2016-domdidier\/thumbs\/thumbs_Image0008.jpg\"\n\t\t\t\t\twidth=\"120\"\n\t\t\t\t\theight=\"90\"\n\t\t\t\t\tstyle=\"max-width:100%;\"\n\t\t\t\t\/>\n\t\t\t<\/a>\n\t\t<\/div>\n\t\t\t\t\t\t\t<\/div>\n\t\t\t\n\t\t\n\t\t\t\t<div id=\"ngg-image-8\" class=\"ngg-gallery-thumbnail-box\"\n\t\t\t\t\t\t\t\t\t\t\t>\n\t\t\t\t\t\t<div class=\"ngg-gallery-thumbnail\">\n\t\t\t<a href=\"https:\/\/www.fsgestavayer.ch\/wp-content\/gallery\/kids-cup-finale-regionale-2016-domdidier\/Image0009.jpg\"\n\t\t\t\ttitle=\"\"\n\t\t\t\tdata-src=\"https:\/\/www.fsgestavayer.ch\/wp-content\/gallery\/kids-cup-finale-regionale-2016-domdidier\/Image0009.jpg\"\n\t\t\t\tdata-thumbnail=\"https:\/\/www.fsgestavayer.ch\/wp-content\/gallery\/kids-cup-finale-regionale-2016-domdidier\/thumbs\/thumbs_Image0009.jpg\"\n\t\t\t\tdata-image-id=\"458\"\n\t\t\t\tdata-title=\"Image0009\"\n\t\t\t\tdata-description=\"\"\n\t\t\t\tdata-image-slug=\"image0009-5\"\n\t\t\t\tclass=\"ngg-fancybox\" rel=\"8b5cd57b79cc07bda45c3dc9053561ff\">\n\t\t\t\t<img\n\t\t\t\t\ttitle=\"Image0009\"\n\t\t\t\t\talt=\"Image0009\"\n\t\t\t\t\tsrc=\"https:\/\/www.fsgestavayer.ch\/wp-content\/gallery\/kids-cup-finale-regionale-2016-domdidier\/thumbs\/thumbs_Image0009.jpg\"\n\t\t\t\t\twidth=\"120\"\n\t\t\t\t\theight=\"90\"\n\t\t\t\t\tstyle=\"max-width:100%;\"\n\t\t\t\t\/>\n\t\t\t<\/a>\n\t\t<\/div>\n\t\t\t\t\t\t\t<\/div>\n\t\t\t\n\t\t\n\t\t\t\t<div id=\"ngg-image-9\" class=\"ngg-gallery-thumbnail-box\"\n\t\t\t\t\t\t\t\t\t\t\t>\n\t\t\t\t\t\t<div class=\"ngg-gallery-thumbnail\">\n\t\t\t<a href=\"https:\/\/www.fsgestavayer.ch\/wp-content\/gallery\/kids-cup-finale-regionale-2016-domdidier\/Image0010.jpg\"\n\t\t\t\ttitle=\"\"\n\t\t\t\tdata-src=\"https:\/\/www.fsgestavayer.ch\/wp-content\/gallery\/kids-cup-finale-regionale-2016-domdidier\/Image0010.jpg\"\n\t\t\t\tdata-thumbnail=\"https:\/\/www.fsgestavayer.ch\/wp-content\/gallery\/kids-cup-finale-regionale-2016-domdidier\/thumbs\/thumbs_Image0010.jpg\"\n\t\t\t\tdata-image-id=\"459\"\n\t\t\t\tdata-title=\"Image0010\"\n\t\t\t\tdata-description=\"\"\n\t\t\t\tdata-image-slug=\"image0010-5\"\n\t\t\t\tclass=\"ngg-fancybox\" rel=\"8b5cd57b79cc07bda45c3dc9053561ff\">\n\t\t\t\t<img\n\t\t\t\t\ttitle=\"Image0010\"\n\t\t\t\t\talt=\"Image0010\"\n\t\t\t\t\tsrc=\"https:\/\/www.fsgestavayer.ch\/wp-content\/gallery\/kids-cup-finale-regionale-2016-domdidier\/thumbs\/thumbs_Image0010.jpg\"\n\t\t\t\t\twidth=\"120\"\n\t\t\t\t\theight=\"90\"\n\t\t\t\t\tstyle=\"max-width:100%;\"\n\t\t\t\t\/>\n\t\t\t<\/a>\n\t\t<\/div>\n\t\t\t\t\t\t\t<\/div>\n\t\t\t\n\t\t\n\t\t\t\t<div id=\"ngg-image-10\" class=\"ngg-gallery-thumbnail-box\"\n\t\t\t\t\t\t\t\t\t\t\t>\n\t\t\t\t\t\t<div class=\"ngg-gallery-thumbnail\">\n\t\t\t<a href=\"https:\/\/www.fsgestavayer.ch\/wp-content\/gallery\/kids-cup-finale-regionale-2016-domdidier\/Image0011.jpg\"\n\t\t\t\ttitle=\"\"\n\t\t\t\tdata-src=\"https:\/\/www.fsgestavayer.ch\/wp-content\/gallery\/kids-cup-finale-regionale-2016-domdidier\/Image0011.jpg\"\n\t\t\t\tdata-thumbnail=\"https:\/\/www.fsgestavayer.ch\/wp-content\/gallery\/kids-cup-finale-regionale-2016-domdidier\/thumbs\/thumbs_Image0011.jpg\"\n\t\t\t\tdata-image-id=\"460\"\n\t\t\t\tdata-title=\"Image0011\"\n\t\t\t\tdata-description=\"\"\n\t\t\t\tdata-image-slug=\"image0011-5\"\n\t\t\t\tclass=\"ngg-fancybox\" rel=\"8b5cd57b79cc07bda45c3dc9053561ff\">\n\t\t\t\t<img\n\t\t\t\t\ttitle=\"Image0011\"\n\t\t\t\t\talt=\"Image0011\"\n\t\t\t\t\tsrc=\"https:\/\/www.fsgestavayer.ch\/wp-content\/gallery\/kids-cup-finale-regionale-2016-domdidier\/thumbs\/thumbs_Image0011.jpg\"\n\t\t\t\t\twidth=\"120\"\n\t\t\t\t\theight=\"90\"\n\t\t\t\t\tstyle=\"max-width:100%;\"\n\t\t\t\t\/>\n\t\t\t<\/a>\n\t\t<\/div>\n\t\t\t\t\t\t\t<\/div>\n\t\t\t\n\t\t\n\t\t\t\t<div id=\"ngg-image-11\" class=\"ngg-gallery-thumbnail-box\"\n\t\t\t\t\t\t\t\t\t\t\t>\n\t\t\t\t\t\t<div class=\"ngg-gallery-thumbnail\">\n\t\t\t<a href=\"https:\/\/www.fsgestavayer.ch\/wp-content\/gallery\/kids-cup-finale-regionale-2016-domdidier\/Image0012.jpg\"\n\t\t\t\ttitle=\"\"\n\t\t\t\tdata-src=\"https:\/\/www.fsgestavayer.ch\/wp-content\/gallery\/kids-cup-finale-regionale-2016-domdidier\/Image0012.jpg\"\n\t\t\t\tdata-thumbnail=\"https:\/\/www.fsgestavayer.ch\/wp-content\/gallery\/kids-cup-finale-regionale-2016-domdidier\/thumbs\/thumbs_Image0012.jpg\"\n\t\t\t\tdata-image-id=\"461\"\n\t\t\t\tdata-title=\"Image0012\"\n\t\t\t\tdata-description=\"\"\n\t\t\t\tdata-image-slug=\"image0012-2\"\n\t\t\t\tclass=\"ngg-fancybox\" rel=\"8b5cd57b79cc07bda45c3dc9053561ff\">\n\t\t\t\t<img\n\t\t\t\t\ttitle=\"Image0012\"\n\t\t\t\t\talt=\"Image0012\"\n\t\t\t\t\tsrc=\"https:\/\/www.fsgestavayer.ch\/wp-content\/gallery\/kids-cup-finale-regionale-2016-domdidier\/thumbs\/thumbs_Image0012.jpg\"\n\t\t\t\t\twidth=\"120\"\n\t\t\t\t\theight=\"90\"\n\t\t\t\t\tstyle=\"max-width:100%;\"\n\t\t\t\t\/>\n\t\t\t<\/a>\n\t\t<\/div>\n\t\t\t\t\t\t\t<\/div>\n\t\t\t\n\t\t\n\t\t\t\t<div id=\"ngg-image-12\" class=\"ngg-gallery-thumbnail-box\"\n\t\t\t\t\t\t\t\t\t\t\t>\n\t\t\t\t\t\t<div class=\"ngg-gallery-thumbnail\">\n\t\t\t<a href=\"https:\/\/www.fsgestavayer.ch\/wp-content\/gallery\/kids-cup-finale-regionale-2016-domdidier\/Image0013.jpg\"\n\t\t\t\ttitle=\"\"\n\t\t\t\tdata-src=\"https:\/\/www.fsgestavayer.ch\/wp-content\/gallery\/kids-cup-finale-regionale-2016-domdidier\/Image0013.jpg\"\n\t\t\t\tdata-thumbnail=\"https:\/\/www.fsgestavayer.ch\/wp-content\/gallery\/kids-cup-finale-regionale-2016-domdidier\/thumbs\/thumbs_Image0013.jpg\"\n\t\t\t\tdata-image-id=\"462\"\n\t\t\t\tdata-title=\"Image0013\"\n\t\t\t\tdata-description=\"\"\n\t\t\t\tdata-image-slug=\"image0013-2\"\n\t\t\t\tclass=\"ngg-fancybox\" rel=\"8b5cd57b79cc07bda45c3dc9053561ff\">\n\t\t\t\t<img\n\t\t\t\t\ttitle=\"Image0013\"\n\t\t\t\t\talt=\"Image0013\"\n\t\t\t\t\tsrc=\"https:\/\/www.fsgestavayer.ch\/wp-content\/gallery\/kids-cup-finale-regionale-2016-domdidier\/thumbs\/thumbs_Image0013.jpg\"\n\t\t\t\t\twidth=\"120\"\n\t\t\t\t\theight=\"90\"\n\t\t\t\t\tstyle=\"max-width:100%;\"\n\t\t\t\t\/>\n\t\t\t<\/a>\n\t\t<\/div>\n\t\t\t\t\t\t\t<\/div>\n\t\t\t\n\t\t\n\t\t\t\t<div id=\"ngg-image-13\" class=\"ngg-gallery-thumbnail-box\"\n\t\t\t\t\t\t\t\t\t\t\t>\n\t\t\t\t\t\t<div class=\"ngg-gallery-thumbnail\">\n\t\t\t<a href=\"https:\/\/www.fsgestavayer.ch\/wp-content\/gallery\/kids-cup-finale-regionale-2016-domdidier\/Image0014.jpg\"\n\t\t\t\ttitle=\"\"\n\t\t\t\tdata-src=\"https:\/\/www.fsgestavayer.ch\/wp-content\/gallery\/kids-cup-finale-regionale-2016-domdidier\/Image0014.jpg\"\n\t\t\t\tdata-thumbnail=\"https:\/\/www.fsgestavayer.ch\/wp-content\/gallery\/kids-cup-finale-regionale-2016-domdidier\/thumbs\/thumbs_Image0014.jpg\"\n\t\t\t\tdata-image-id=\"463\"\n\t\t\t\tdata-title=\"Image0014\"\n\t\t\t\tdata-description=\"\"\n\t\t\t\tdata-image-slug=\"image0014-2\"\n\t\t\t\tclass=\"ngg-fancybox\" rel=\"8b5cd57b79cc07bda45c3dc9053561ff\">\n\t\t\t\t<img\n\t\t\t\t\ttitle=\"Image0014\"\n\t\t\t\t\talt=\"Image0014\"\n\t\t\t\t\tsrc=\"https:\/\/www.fsgestavayer.ch\/wp-content\/gallery\/kids-cup-finale-regionale-2016-domdidier\/thumbs\/thumbs_Image0014.jpg\"\n\t\t\t\t\twidth=\"120\"\n\t\t\t\t\theight=\"90\"\n\t\t\t\t\tstyle=\"max-width:100%;\"\n\t\t\t\t\/>\n\t\t\t<\/a>\n\t\t<\/div>\n\t\t\t\t\t\t\t<\/div>\n\t\t\t\n\t\t\n\t\t\t\t<div id=\"ngg-image-14\" class=\"ngg-gallery-thumbnail-box\"\n\t\t\t\t\t\t\t\t\t\t\t>\n\t\t\t\t\t\t<div class=\"ngg-gallery-thumbnail\">\n\t\t\t<a href=\"https:\/\/www.fsgestavayer.ch\/wp-content\/gallery\/kids-cup-finale-regionale-2016-domdidier\/Image0015.jpg\"\n\t\t\t\ttitle=\"\"\n\t\t\t\tdata-src=\"https:\/\/www.fsgestavayer.ch\/wp-content\/gallery\/kids-cup-finale-regionale-2016-domdidier\/Image0015.jpg\"\n\t\t\t\tdata-thumbnail=\"https:\/\/www.fsgestavayer.ch\/wp-content\/gallery\/kids-cup-finale-regionale-2016-domdidier\/thumbs\/thumbs_Image0015.jpg\"\n\t\t\t\tdata-image-id=\"464\"\n\t\t\t\tdata-title=\"Image0015\"\n\t\t\t\tdata-description=\"\"\n\t\t\t\tdata-image-slug=\"image0015-2\"\n\t\t\t\tclass=\"ngg-fancybox\" rel=\"8b5cd57b79cc07bda45c3dc9053561ff\">\n\t\t\t\t<img\n\t\t\t\t\ttitle=\"Image0015\"\n\t\t\t\t\talt=\"Image0015\"\n\t\t\t\t\tsrc=\"https:\/\/www.fsgestavayer.ch\/wp-content\/gallery\/kids-cup-finale-regionale-2016-domdidier\/thumbs\/thumbs_Image0015.jpg\"\n\t\t\t\t\twidth=\"120\"\n\t\t\t\t\theight=\"90\"\n\t\t\t\t\tstyle=\"max-width:100%;\"\n\t\t\t\t\/>\n\t\t\t<\/a>\n\t\t<\/div>\n\t\t\t\t\t\t\t<\/div>\n\t\t\t\n\t\t\n\t\t\t\t<div id=\"ngg-image-15\" class=\"ngg-gallery-thumbnail-box\"\n\t\t\t\t\t\t\t\t\t\t\t>\n\t\t\t\t\t\t<div class=\"ngg-gallery-thumbnail\">\n\t\t\t<a href=\"https:\/\/www.fsgestavayer.ch\/wp-content\/gallery\/kids-cup-finale-regionale-2016-domdidier\/Image0016.jpg\"\n\t\t\t\ttitle=\"\"\n\t\t\t\tdata-src=\"https:\/\/www.fsgestavayer.ch\/wp-content\/gallery\/kids-cup-finale-regionale-2016-domdidier\/Image0016.jpg\"\n\t\t\t\tdata-thumbnail=\"https:\/\/www.fsgestavayer.ch\/wp-content\/gallery\/kids-cup-finale-regionale-2016-domdidier\/thumbs\/thumbs_Image0016.jpg\"\n\t\t\t\tdata-image-id=\"465\"\n\t\t\t\tdata-title=\"Image0016\"\n\t\t\t\tdata-description=\"\"\n\t\t\t\tdata-image-slug=\"image0016-2\"\n\t\t\t\tclass=\"ngg-fancybox\" rel=\"8b5cd57b79cc07bda45c3dc9053561ff\">\n\t\t\t\t<img\n\t\t\t\t\ttitle=\"Image0016\"\n\t\t\t\t\talt=\"Image0016\"\n\t\t\t\t\tsrc=\"https:\/\/www.fsgestavayer.ch\/wp-content\/gallery\/kids-cup-finale-regionale-2016-domdidier\/thumbs\/thumbs_Image0016.jpg\"\n\t\t\t\t\twidth=\"120\"\n\t\t\t\t\theight=\"90\"\n\t\t\t\t\tstyle=\"max-width:100%;\"\n\t\t\t\t\/>\n\t\t\t<\/a>\n\t\t<\/div>\n\t\t\t\t\t\t\t<\/div>\n\t\t\t\n\t\t\n\t\t\t\t<div id=\"ngg-image-16\" class=\"ngg-gallery-thumbnail-box\"\n\t\t\t\t\t\t\t\t\t\t\t>\n\t\t\t\t\t\t<div class=\"ngg-gallery-thumbnail\">\n\t\t\t<a href=\"https:\/\/www.fsgestavayer.ch\/wp-content\/gallery\/kids-cup-finale-regionale-2016-domdidier\/Image0017.jpg\"\n\t\t\t\ttitle=\"\"\n\t\t\t\tdata-src=\"https:\/\/www.fsgestavayer.ch\/wp-content\/gallery\/kids-cup-finale-regionale-2016-domdidier\/Image0017.jpg\"\n\t\t\t\tdata-thumbnail=\"https:\/\/www.fsgestavayer.ch\/wp-content\/gallery\/kids-cup-finale-regionale-2016-domdidier\/thumbs\/thumbs_Image0017.jpg\"\n\t\t\t\tdata-image-id=\"466\"\n\t\t\t\tdata-title=\"Image0017\"\n\t\t\t\tdata-description=\"\"\n\t\t\t\tdata-image-slug=\"image0017-2\"\n\t\t\t\tclass=\"ngg-fancybox\" rel=\"8b5cd57b79cc07bda45c3dc9053561ff\">\n\t\t\t\t<img\n\t\t\t\t\ttitle=\"Image0017\"\n\t\t\t\t\talt=\"Image0017\"\n\t\t\t\t\tsrc=\"https:\/\/www.fsgestavayer.ch\/wp-content\/gallery\/kids-cup-finale-regionale-2016-domdidier\/thumbs\/thumbs_Image0017.jpg\"\n\t\t\t\t\twidth=\"120\"\n\t\t\t\t\theight=\"90\"\n\t\t\t\t\tstyle=\"max-width:100%;\"\n\t\t\t\t\/>\n\t\t\t<\/a>\n\t\t<\/div>\n\t\t\t\t\t\t\t<\/div>\n\t\t\t\n\t\t\n\t\t\t\t<div id=\"ngg-image-17\" class=\"ngg-gallery-thumbnail-box\"\n\t\t\t\t\t\t\t\t\t\t\t>\n\t\t\t\t\t\t<div class=\"ngg-gallery-thumbnail\">\n\t\t\t<a href=\"https:\/\/www.fsgestavayer.ch\/wp-content\/gallery\/kids-cup-finale-regionale-2016-domdidier\/Image0018.jpg\"\n\t\t\t\ttitle=\"\"\n\t\t\t\tdata-src=\"https:\/\/www.fsgestavayer.ch\/wp-content\/gallery\/kids-cup-finale-regionale-2016-domdidier\/Image0018.jpg\"\n\t\t\t\tdata-thumbnail=\"https:\/\/www.fsgestavayer.ch\/wp-content\/gallery\/kids-cup-finale-regionale-2016-domdidier\/thumbs\/thumbs_Image0018.jpg\"\n\t\t\t\tdata-image-id=\"467\"\n\t\t\t\tdata-title=\"Image0018\"\n\t\t\t\tdata-description=\"\"\n\t\t\t\tdata-image-slug=\"image0018-2\"\n\t\t\t\tclass=\"ngg-fancybox\" rel=\"8b5cd57b79cc07bda45c3dc9053561ff\">\n\t\t\t\t<img\n\t\t\t\t\ttitle=\"Image0018\"\n\t\t\t\t\talt=\"Image0018\"\n\t\t\t\t\tsrc=\"https:\/\/www.fsgestavayer.ch\/wp-content\/gallery\/kids-cup-finale-regionale-2016-domdidier\/thumbs\/thumbs_Image0018.jpg\"\n\t\t\t\t\twidth=\"120\"\n\t\t\t\t\theight=\"90\"\n\t\t\t\t\tstyle=\"max-width:100%;\"\n\t\t\t\t\/>\n\t\t\t<\/a>\n\t\t<\/div>\n\t\t\t\t\t\t\t<\/div>\n\t\t\t\n\t\t\n\t\t\t\t<div id=\"ngg-image-18\" class=\"ngg-gallery-thumbnail-box\"\n\t\t\t\t\t\t\t\t\t\t\t>\n\t\t\t\t\t\t<div class=\"ngg-gallery-thumbnail\">\n\t\t\t<a href=\"https:\/\/www.fsgestavayer.ch\/wp-content\/gallery\/kids-cup-finale-regionale-2016-domdidier\/Image0019.jpg\"\n\t\t\t\ttitle=\"\"\n\t\t\t\tdata-src=\"https:\/\/www.fsgestavayer.ch\/wp-content\/gallery\/kids-cup-finale-regionale-2016-domdidier\/Image0019.jpg\"\n\t\t\t\tdata-thumbnail=\"https:\/\/www.fsgestavayer.ch\/wp-content\/gallery\/kids-cup-finale-regionale-2016-domdidier\/thumbs\/thumbs_Image0019.jpg\"\n\t\t\t\tdata-image-id=\"468\"\n\t\t\t\tdata-title=\"Image0019\"\n\t\t\t\tdata-description=\"\"\n\t\t\t\tdata-image-slug=\"image0019-2\"\n\t\t\t\tclass=\"ngg-fancybox\" rel=\"8b5cd57b79cc07bda45c3dc9053561ff\">\n\t\t\t\t<img\n\t\t\t\t\ttitle=\"Image0019\"\n\t\t\t\t\talt=\"Image0019\"\n\t\t\t\t\tsrc=\"https:\/\/www.fsgestavayer.ch\/wp-content\/gallery\/kids-cup-finale-regionale-2016-domdidier\/thumbs\/thumbs_Image0019.jpg\"\n\t\t\t\t\twidth=\"120\"\n\t\t\t\t\theight=\"90\"\n\t\t\t\t\tstyle=\"max-width:100%;\"\n\t\t\t\t\/>\n\t\t\t<\/a>\n\t\t<\/div>\n\t\t\t\t\t\t\t<\/div>\n\t\t\t\n\t\t\n\t\t\t\t<div id=\"ngg-image-19\" class=\"ngg-gallery-thumbnail-box\"\n\t\t\t\t\t\t\t\t\t\t\t>\n\t\t\t\t\t\t<div class=\"ngg-gallery-thumbnail\">\n\t\t\t<a href=\"https:\/\/www.fsgestavayer.ch\/wp-content\/gallery\/kids-cup-finale-regionale-2016-domdidier\/Image0020.jpg\"\n\t\t\t\ttitle=\"\"\n\t\t\t\tdata-src=\"https:\/\/www.fsgestavayer.ch\/wp-content\/gallery\/kids-cup-finale-regionale-2016-domdidier\/Image0020.jpg\"\n\t\t\t\tdata-thumbnail=\"https:\/\/www.fsgestavayer.ch\/wp-content\/gallery\/kids-cup-finale-regionale-2016-domdidier\/thumbs\/thumbs_Image0020.jpg\"\n\t\t\t\tdata-image-id=\"469\"\n\t\t\t\tdata-title=\"Image0020\"\n\t\t\t\tdata-description=\"\"\n\t\t\t\tdata-image-slug=\"image0020-2\"\n\t\t\t\tclass=\"ngg-fancybox\" rel=\"8b5cd57b79cc07bda45c3dc9053561ff\">\n\t\t\t\t<img\n\t\t\t\t\ttitle=\"Image0020\"\n\t\t\t\t\talt=\"Image0020\"\n\t\t\t\t\tsrc=\"https:\/\/www.fsgestavayer.ch\/wp-content\/gallery\/kids-cup-finale-regionale-2016-domdidier\/thumbs\/thumbs_Image0020.jpg\"\n\t\t\t\t\twidth=\"120\"\n\t\t\t\t\theight=\"90\"\n\t\t\t\t\tstyle=\"max-width:100%;\"\n\t\t\t\t\/>\n\t\t\t<\/a>\n\t\t<\/div>\n\t\t\t\t\t\t\t<\/div>\n\t\t\t\n\t\t\n\t\t\t\t<div id=\"ngg-image-20\" class=\"ngg-gallery-thumbnail-box\"\n\t\t\t\t\t\t\t\t\t\t\t>\n\t\t\t\t\t\t<div class=\"ngg-gallery-thumbnail\">\n\t\t\t<a href=\"https:\/\/www.fsgestavayer.ch\/wp-content\/gallery\/kids-cup-finale-regionale-2016-domdidier\/Image0021.jpg\"\n\t\t\t\ttitle=\"\"\n\t\t\t\tdata-src=\"https:\/\/www.fsgestavayer.ch\/wp-content\/gallery\/kids-cup-finale-regionale-2016-domdidier\/Image0021.jpg\"\n\t\t\t\tdata-thumbnail=\"https:\/\/www.fsgestavayer.ch\/wp-content\/gallery\/kids-cup-finale-regionale-2016-domdidier\/thumbs\/thumbs_Image0021.jpg\"\n\t\t\t\tdata-image-id=\"470\"\n\t\t\t\tdata-title=\"Image0021\"\n\t\t\t\tdata-description=\"\"\n\t\t\t\tdata-image-slug=\"image0021-2\"\n\t\t\t\tclass=\"ngg-fancybox\" rel=\"8b5cd57b79cc07bda45c3dc9053561ff\">\n\t\t\t\t<img\n\t\t\t\t\ttitle=\"Image0021\"\n\t\t\t\t\talt=\"Image0021\"\n\t\t\t\t\tsrc=\"https:\/\/www.fsgestavayer.ch\/wp-content\/gallery\/kids-cup-finale-regionale-2016-domdidier\/thumbs\/thumbs_Image0021.jpg\"\n\t\t\t\t\twidth=\"120\"\n\t\t\t\t\theight=\"90\"\n\t\t\t\t\tstyle=\"max-width:100%;\"\n\t\t\t\t\/>\n\t\t\t<\/a>\n\t\t<\/div>\n\t\t\t\t\t\t\t<\/div>\n\t\t\t\n\t\t\n\t\t\t\t<div id=\"ngg-image-21\" class=\"ngg-gallery-thumbnail-box\"\n\t\t\t\t\t\t\t\t\t\t\t>\n\t\t\t\t\t\t<div class=\"ngg-gallery-thumbnail\">\n\t\t\t<a href=\"https:\/\/www.fsgestavayer.ch\/wp-content\/gallery\/kids-cup-finale-regionale-2016-domdidier\/Image0022.jpg\"\n\t\t\t\ttitle=\"\"\n\t\t\t\tdata-src=\"https:\/\/www.fsgestavayer.ch\/wp-content\/gallery\/kids-cup-finale-regionale-2016-domdidier\/Image0022.jpg\"\n\t\t\t\tdata-thumbnail=\"https:\/\/www.fsgestavayer.ch\/wp-content\/gallery\/kids-cup-finale-regionale-2016-domdidier\/thumbs\/thumbs_Image0022.jpg\"\n\t\t\t\tdata-image-id=\"471\"\n\t\t\t\tdata-title=\"Image0022\"\n\t\t\t\tdata-description=\"\"\n\t\t\t\tdata-image-slug=\"image0022-2\"\n\t\t\t\tclass=\"ngg-fancybox\" rel=\"8b5cd57b79cc07bda45c3dc9053561ff\">\n\t\t\t\t<img\n\t\t\t\t\ttitle=\"Image0022\"\n\t\t\t\t\talt=\"Image0022\"\n\t\t\t\t\tsrc=\"https:\/\/www.fsgestavayer.ch\/wp-content\/gallery\/kids-cup-finale-regionale-2016-domdidier\/thumbs\/thumbs_Image0022.jpg\"\n\t\t\t\t\twidth=\"120\"\n\t\t\t\t\theight=\"90\"\n\t\t\t\t\tstyle=\"max-width:100%;\"\n\t\t\t\t\/>\n\t\t\t<\/a>\n\t\t<\/div>\n\t\t\t\t\t\t\t<\/div>\n\t\t\t\n\t\t\n\t\t\t\t<div id=\"ngg-image-22\" class=\"ngg-gallery-thumbnail-box\"\n\t\t\t\t\t\t\t\t\t\t\t>\n\t\t\t\t\t\t<div class=\"ngg-gallery-thumbnail\">\n\t\t\t<a href=\"https:\/\/www.fsgestavayer.ch\/wp-content\/gallery\/kids-cup-finale-regionale-2016-domdidier\/Image0023.jpg\"\n\t\t\t\ttitle=\"\"\n\t\t\t\tdata-src=\"https:\/\/www.fsgestavayer.ch\/wp-content\/gallery\/kids-cup-finale-regionale-2016-domdidier\/Image0023.jpg\"\n\t\t\t\tdata-thumbnail=\"https:\/\/www.fsgestavayer.ch\/wp-content\/gallery\/kids-cup-finale-regionale-2016-domdidier\/thumbs\/thumbs_Image0023.jpg\"\n\t\t\t\tdata-image-id=\"472\"\n\t\t\t\tdata-title=\"Image0023\"\n\t\t\t\tdata-description=\"\"\n\t\t\t\tdata-image-slug=\"image0023-2\"\n\t\t\t\tclass=\"ngg-fancybox\" rel=\"8b5cd57b79cc07bda45c3dc9053561ff\">\n\t\t\t\t<img\n\t\t\t\t\ttitle=\"Image0023\"\n\t\t\t\t\talt=\"Image0023\"\n\t\t\t\t\tsrc=\"https:\/\/www.fsgestavayer.ch\/wp-content\/gallery\/kids-cup-finale-regionale-2016-domdidier\/thumbs\/thumbs_Image0023.jpg\"\n\t\t\t\t\twidth=\"120\"\n\t\t\t\t\theight=\"90\"\n\t\t\t\t\tstyle=\"max-width:100%;\"\n\t\t\t\t\/>\n\t\t\t<\/a>\n\t\t<\/div>\n\t\t\t\t\t\t\t<\/div>\n\t\t\t\n\t\t\n\t\t\t\t<div id=\"ngg-image-23\" class=\"ngg-gallery-thumbnail-box\"\n\t\t\t\t\t\t\t\t\t\t\t>\n\t\t\t\t\t\t<div class=\"ngg-gallery-thumbnail\">\n\t\t\t<a href=\"https:\/\/www.fsgestavayer.ch\/wp-content\/gallery\/kids-cup-finale-regionale-2016-domdidier\/Image0024.jpg\"\n\t\t\t\ttitle=\"\"\n\t\t\t\tdata-src=\"https:\/\/www.fsgestavayer.ch\/wp-content\/gallery\/kids-cup-finale-regionale-2016-domdidier\/Image0024.jpg\"\n\t\t\t\tdata-thumbnail=\"https:\/\/www.fsgestavayer.ch\/wp-content\/gallery\/kids-cup-finale-regionale-2016-domdidier\/thumbs\/thumbs_Image0024.jpg\"\n\t\t\t\tdata-image-id=\"473\"\n\t\t\t\tdata-title=\"Image0024\"\n\t\t\t\tdata-description=\"\"\n\t\t\t\tdata-image-slug=\"image0024-2\"\n\t\t\t\tclass=\"ngg-fancybox\" rel=\"8b5cd57b79cc07bda45c3dc9053561ff\">\n\t\t\t\t<img\n\t\t\t\t\ttitle=\"Image0024\"\n\t\t\t\t\talt=\"Image0024\"\n\t\t\t\t\tsrc=\"https:\/\/www.fsgestavayer.ch\/wp-content\/gallery\/kids-cup-finale-regionale-2016-domdidier\/thumbs\/thumbs_Image0024.jpg\"\n\t\t\t\t\twidth=\"120\"\n\t\t\t\t\theight=\"90\"\n\t\t\t\t\tstyle=\"max-width:100%;\"\n\t\t\t\t\/>\n\t\t\t<\/a>\n\t\t<\/div>\n\t\t\t\t\t\t\t<\/div>\n\t\t\t\n\t\t\n\t\t\n\t\t<!-- Pagination -->\n\t\t<div class='ngg-clear'><\/div>\t<\/div>\n<\/p>\n","protected":false},"excerpt":{"rendered":"<p>La finale r\u00e9gionale de l&rsquo;UBS Kids Cup Team s&rsquo;est d\u00e9roul\u00e9e\u00a0le samedi 23 Janvier 2016 \u00e0 Domdidier. 4 \u00e9quipes de la FSG Estavayer et une \u00e9quipe <a class=\"more-link\" href=\"https:\/\/www.fsgestavayer.ch\/?p=1944\">Continuer la lecture <span class=\"screen-reader-text\">  UBS Kids Cup Team: Finale r\u00e9gionale \u00e0 Domdidier<\/span><span class=\"meta-nav\">&rarr;<\/span><\/a><\/p>\n","protected":false},"author":3,"featured_media":1997,"comment_status":"closed","ping_status":"open","sticky":false,"template":"","format":"standard","meta":{"ngg_post_thumbnail":0,"footnotes":""},"categories":[4],"tags":[19],"class_list":["post-1944","post","type-post","status-publish","format-standard","has-post-thumbnail","hentry","category-athletisme","tag-kids-cup"],"_links":{"self":[{"href":"https:\/\/www.fsgestavayer.ch\/index.php?rest_route=\/wp\/v2\/posts\/1944","targetHints":{"allow":["GET"]}}],"collection":[{"href":"https:\/\/www.fsgestavayer.ch\/index.php?rest_route=\/wp\/v2\/posts"}],"about":[{"href":"https:\/\/www.fsgestavayer.ch\/index.php?rest_route=\/wp\/v2\/types\/post"}],"author":[{"embeddable":true,"href":"https:\/\/www.fsgestavayer.ch\/index.php?rest_route=\/wp\/v2\/users\/3"}],"replies":[{"embeddable":true,"href":"https:\/\/www.fsgestavayer.ch\/index.php?rest_route=%2Fwp%2Fv2%2Fcomments&post=1944"}],"version-history":[{"count":0,"href":"https:\/\/www.fsgestavayer.ch\/index.php?rest_route=\/wp\/v2\/posts\/1944\/revisions"}],"wp:featuredmedia":[{"embeddable":true,"href":"https:\/\/www.fsgestavayer.ch\/index.php?rest_route=\/wp\/v2\/media\/1997"}],"wp:attachment":[{"href":"https:\/\/www.fsgestavayer.ch\/index.php?rest_route=%2Fwp%2Fv2%2Fmedia&parent=1944"}],"wp:term":[{"taxonomy":"category","embeddable":true,"href":"https:\/\/www.fsgestavayer.ch\/index.php?rest_route=%2Fwp%2Fv2%2Fcategories&post=1944"},{"taxonomy":"post_tag","embeddable":true,"href":"https:\/\/www.fsgestavayer.ch\/index.php?rest_route=%2Fwp%2Fv2%2Ftags&post=1944"}],"curies":[{"name":"wp","href":"https:\/\/api.w.org\/{rel}","templated":true}]}}