{"id":1614,"date":"2015-09-27T19:07:35","date_gmt":"2015-09-27T17:07:35","guid":{"rendered":"http:\/\/www.fsgestavayer.ch\/?p=1614"},"modified":"2015-11-18T18:24:43","modified_gmt":"2015-11-18T17:24:43","slug":"coupe-de-noel-2015","status":"publish","type":"post","link":"https:\/\/www.fsgestavayer.ch\/?p=1614","title":{"rendered":"Coupe de No\u00ebl 2015"},"content":{"rendered":"<p>Cette ann\u00e9e marque le 25\u00e8me anniversaire de la Coupe de No\u00ebl !<br \/>\nCe sera \u00e9galement la 1\u00e8re course de la Coupe Fribourgeoise 2016.<\/p>\n<p style=\"text-align: center;\"><strong>Estavayer-le-Lac \u2013 25\u00e8me Coupe de No\u00ebl<\/strong><\/p>\n<div style=\"text-align: center;\"><\/div>\n<div><\/div>\n<div><\/div>\n<div style=\"text-align: center;\"><\/div>\n<div style=\"text-align: center;\">Le comit\u00e9 de la Coupe de No\u00ebl vous donne d\u2019ores et d\u00e9j\u00e0 rendez-vous<\/div>\n<div style=\"text-align: center;\"><\/div>\n<div style=\"text-align: center;\"><\/div>\n<div style=\"text-align: center;\"><\/div>\n<div style=\"text-align: center;\"><strong>le samedi 12 d\u00e9cembre 2015<\/strong><\/div>\n<div style=\"text-align: center;\"><\/div>\n<div style=\"text-align: center;\"><\/div>\n<div style=\"text-align: center;\">\n<p>pour sa prochaine \u00e9dition dans les rues d\u2019Estavayer-le-Lac.<\/p>\n<p>Vous trouverez toutes les informations n\u00e9cessaires ci-dessous et les inscriptions sont ouvertes: <a title=\"Formulaire d\u2019inscription\" href=\"https:\/\/www.fsgestavayer.ch\/?page_id=1067\">Formulaire d&rsquo;inscription<\/a><\/p>\n<p><iframe title=\"Coupe de noel 2015\" src=\"https:\/\/e.issuu.com\/embed.html?u=fsgestavayer&#038;d=coupe_de_noel_2015\" style=\"border:none; width: 530px; height: 406px;\" allow=\"clipboard-write,allow-top-navigation,allow-top-navigation-by-user-activation,allow-downloads,allow-scripts,allow-same-origin,allow-popups,allow-modals,allow-popups-to-escape-sandbox,allow-forms\"  allowfullscreen=\"true\"><\/iframe><\/p>\n<p style=\"text-align: left;\"><a href=\"http:\/\/www.ubs.com\/suisse\" target=\"_blank\"><img loading=\"lazy\" decoding=\"async\" class=\"size-full wp-image-1636 alignleft\" src=\"https:\/\/www.fsgestavayer.ch\/wp-contenu\/uploads\/2015\/09\/UBS-logo.jpg\" alt=\"UBS logo\" width=\"144\" height=\"61\" \/><\/a><\/p>\n<\/div>\n","protected":false},"excerpt":{"rendered":"<p>Cette ann\u00e9e marque le 25\u00e8me anniversaire de la Coupe de No\u00ebl ! Ce sera \u00e9galement la 1\u00e8re course de la Coupe Fribourgeoise 2016. Estavayer-le-Lac \u2013 <a class=\"more-link\" href=\"https:\/\/www.fsgestavayer.ch\/?p=1614\">Continuer la lecture <span class=\"screen-reader-text\">  Coupe de No\u00ebl 2015<\/span><span class=\"meta-nav\">&rarr;<\/span><\/a><\/p>\n","protected":false},"author":3,"featured_media":1265,"comment_status":"closed","ping_status":"open","sticky":false,"template":"","format":"standard","meta":{"ngg_post_thumbnail":0,"footnotes":""},"categories":[1],"tags":[26],"class_list":["post-1614","post","type-post","status-publish","format-standard","has-post-thumbnail","hentry","category-non-classe","tag-coupe-de-noel"],"_links":{"self":[{"href":"https:\/\/www.fsgestavayer.ch\/index.php?rest_route=\/wp\/v2\/posts\/1614","targetHints":{"allow":["GET"]}}],"collection":[{"href":"https:\/\/www.fsgestavayer.ch\/index.php?rest_route=\/wp\/v2\/posts"}],"about":[{"href":"https:\/\/www.fsgestavayer.ch\/index.php?rest_route=\/wp\/v2\/types\/post"}],"author":[{"embeddable":true,"href":"https:\/\/www.fsgestavayer.ch\/index.php?rest_route=\/wp\/v2\/users\/3"}],"replies":[{"embeddable":true,"href":"https:\/\/www.fsgestavayer.ch\/index.php?rest_route=%2Fwp%2Fv2%2Fcomments&post=1614"}],"version-history":[{"count":0,"href":"https:\/\/www.fsgestavayer.ch\/index.php?rest_route=\/wp\/v2\/posts\/1614\/revisions"}],"wp:featuredmedia":[{"embeddable":true,"href":"https:\/\/www.fsgestavayer.ch\/index.php?rest_route=\/wp\/v2\/media\/1265"}],"wp:attachment":[{"href":"https:\/\/www.fsgestavayer.ch\/index.php?rest_route=%2Fwp%2Fv2%2Fmedia&parent=1614"}],"wp:term":[{"taxonomy":"category","embeddable":true,"href":"https:\/\/www.fsgestavayer.ch\/index.php?rest_route=%2Fwp%2Fv2%2Fcategories&post=1614"},{"taxonomy":"post_tag","embeddable":true,"href":"https:\/\/www.fsgestavayer.ch\/index.php?rest_route=%2Fwp%2Fv2%2Ftags&post=1614"}],"curies":[{"name":"wp","href":"https:\/\/api.w.org\/{rel}","templated":true}]}}