{"id":1459,"date":"2015-05-12T23:23:31","date_gmt":"2015-05-12T21:23:31","guid":{"rendered":"http:\/\/www.fsgestavayer.ch\/?p=1459"},"modified":"2015-05-12T23:48:50","modified_gmt":"2015-05-12T21:48:50","slug":"la-suisse-bouge-2015-resultats-et-photos","status":"publish","type":"post","link":"https:\/\/www.fsgestavayer.ch\/?p=1459","title":{"rendered":"La Suisse bouge 2015 &#8211; R\u00e9sultats et photos"},"content":{"rendered":"<p>En 2015, le duel de la Suisse bouge opposait les habitants d&rsquo;Estavayer \u00e0 ceux des communes voisines. A ce jeu, ce sont les habitants d&rsquo;Estavayer qui ont \u00e9t\u00e9 les plus nombreux !<\/p>\n<p>Estavayer :\u00a0\u00a0\u00a0\u00a0\u00a0\u00a0\u00a0\u00a0\u00a0\u00a0\u00a0\u00a0\u00a0\u00a0\u00a0\u00a0\u00a0\u00a0\u00a0\u00a0\u00a0 998 h (871 personnes)<br \/>\nCommunes Broyardes : 652 h (514 personnes)<\/p>\n<p>Une quinzaine de classes primaires ont particip\u00e9 au parcours vita urbain durant la semaine et sont d\u00e9j\u00e0 int\u00e9gr\u00e9es \u00e0 ces r\u00e9sultats.<br \/>\nAvec une affluence de plus de 200 personnes en moyenne chaque soir, le comit\u00e9 d&rsquo;organisation est tr\u00e8s satisfait : Isabelle Pauchard, Nathalie Martin, Katrin Gharbi-Zaugg, Nicole Berger, Marianne Lambert, Julien Roy, C\u00e9dric P\u00fcrro.<\/p>\n<p>Les grand \u00ab\u00a0boums\u00a0\u00bb de la semaine : zumba (env. 140 pers.), badminton (env. 120 pers.), piloxing (env. 80 pers.), cirque (env. 50 pers.).<\/p>\n<p>La grande force de notre programme : des activit\u00e9s pour TOUS : de la ballade avec poussettes, en passant par la gym parents-enfants, jusqu&rsquo;aux activit\u00e9s plus douces comme l&rsquo;aquagym, la ballade \u00e0 pied, le badminton&#8230;<\/p>\n<p>Rendez-vous l&rsquo;ann\u00e9e prochaine !!<\/p>\n<p><!-- index.php -->\n<div\n\tclass=\"ngg-galleryoverview\n\t\t\"\n\tid=\"ngg-gallery-e3af065a8af2a589afdd5234b99f8831-1\">\n\n\t\t<div class=\"slideshowlink\">\n\t\t<a href='https:\/\/www.fsgestavayer.ch\/index.php\/nggallery\/slideshow?p=1459'>[Slideshow]<\/a>\n\n\t<\/div>\n\t\t\t<!-- Thumbnails -->\n\t\t\t\t<div id=\"ngg-image-0\" class=\"ngg-gallery-thumbnail-box\"\n\t\t\t\t\t\t\t\t\t\t\t>\n\t\t\t\t\t\t<div class=\"ngg-gallery-thumbnail\">\n\t\t\t<a href=\"https:\/\/www.fsgestavayer.ch\/wp-content\/gallery\/la-suisse-bouge-2015\/Cirque1.JPG\"\n\t\t\t\ttitle=\"\"\n\t\t\t\tdata-src=\"https:\/\/www.fsgestavayer.ch\/wp-content\/gallery\/la-suisse-bouge-2015\/Cirque1.JPG\"\n\t\t\t\tdata-thumbnail=\"https:\/\/www.fsgestavayer.ch\/wp-content\/gallery\/la-suisse-bouge-2015\/thumbs\/thumbs_Cirque1.JPG\"\n\t\t\t\tdata-image-id=\"298\"\n\t\t\t\tdata-title=\"Cirque1.JPG\"\n\t\t\t\tdata-description=\"\"\n\t\t\t\tdata-image-slug=\"cirque1-jpg\"\n\t\t\t\tclass=\"ngg-fancybox\" rel=\"e3af065a8af2a589afdd5234b99f8831\">\n\t\t\t\t<img\n\t\t\t\t\ttitle=\"Cirque1.JPG\"\n\t\t\t\t\talt=\"Cirque1.JPG\"\n\t\t\t\t\tsrc=\"https:\/\/www.fsgestavayer.ch\/wp-content\/gallery\/la-suisse-bouge-2015\/thumbs\/thumbs_Cirque1.JPG\"\n\t\t\t\t\twidth=\"120\"\n\t\t\t\t\theight=\"90\"\n\t\t\t\t\tstyle=\"max-width:100%;\"\n\t\t\t\t\/>\n\t\t\t<\/a>\n\t\t<\/div>\n\t\t\t\t\t\t\t<\/div>\n\t\t\t\n\t\t\n\t\t\t\t<div id=\"ngg-image-1\" class=\"ngg-gallery-thumbnail-box\"\n\t\t\t\t\t\t\t\t\t\t\t>\n\t\t\t\t\t\t<div class=\"ngg-gallery-thumbnail\">\n\t\t\t<a href=\"https:\/\/www.fsgestavayer.ch\/wp-content\/gallery\/la-suisse-bouge-2015\/Cirque2.JPG\"\n\t\t\t\ttitle=\" \"\n\t\t\t\tdata-src=\"https:\/\/www.fsgestavayer.ch\/wp-content\/gallery\/la-suisse-bouge-2015\/Cirque2.JPG\"\n\t\t\t\tdata-thumbnail=\"https:\/\/www.fsgestavayer.ch\/wp-content\/gallery\/la-suisse-bouge-2015\/thumbs\/thumbs_Cirque2.JPG\"\n\t\t\t\tdata-image-id=\"299\"\n\t\t\t\tdata-title=\"Cirque2.JPG\"\n\t\t\t\tdata-description=\" \"\n\t\t\t\tdata-image-slug=\"cirque2-jpg-1\"\n\t\t\t\tclass=\"ngg-fancybox\" rel=\"e3af065a8af2a589afdd5234b99f8831\">\n\t\t\t\t<img\n\t\t\t\t\ttitle=\"Cirque2.JPG\"\n\t\t\t\t\talt=\"Cirque2.JPG\"\n\t\t\t\t\tsrc=\"https:\/\/www.fsgestavayer.ch\/wp-content\/gallery\/la-suisse-bouge-2015\/thumbs\/thumbs_Cirque2.JPG\"\n\t\t\t\t\twidth=\"120\"\n\t\t\t\t\theight=\"90\"\n\t\t\t\t\tstyle=\"max-width:100%;\"\n\t\t\t\t\/>\n\t\t\t<\/a>\n\t\t<\/div>\n\t\t\t\t\t\t\t<\/div>\n\t\t\t\n\t\t\n\t\t\t\t<div id=\"ngg-image-2\" class=\"ngg-gallery-thumbnail-box\"\n\t\t\t\t\t\t\t\t\t\t\t>\n\t\t\t\t\t\t<div class=\"ngg-gallery-thumbnail\">\n\t\t\t<a href=\"https:\/\/www.fsgestavayer.ch\/wp-content\/gallery\/la-suisse-bouge-2015\/Cirque3.JPG\"\n\t\t\t\ttitle=\" \"\n\t\t\t\tdata-src=\"https:\/\/www.fsgestavayer.ch\/wp-content\/gallery\/la-suisse-bouge-2015\/Cirque3.JPG\"\n\t\t\t\tdata-thumbnail=\"https:\/\/www.fsgestavayer.ch\/wp-content\/gallery\/la-suisse-bouge-2015\/thumbs\/thumbs_Cirque3.JPG\"\n\t\t\t\tdata-image-id=\"300\"\n\t\t\t\tdata-title=\"Cirque3.JPG\"\n\t\t\t\tdata-description=\" \"\n\t\t\t\tdata-image-slug=\"cirque3-jpg-1\"\n\t\t\t\tclass=\"ngg-fancybox\" rel=\"e3af065a8af2a589afdd5234b99f8831\">\n\t\t\t\t<img\n\t\t\t\t\ttitle=\"Cirque3.JPG\"\n\t\t\t\t\talt=\"Cirque3.JPG\"\n\t\t\t\t\tsrc=\"https:\/\/www.fsgestavayer.ch\/wp-content\/gallery\/la-suisse-bouge-2015\/thumbs\/thumbs_Cirque3.JPG\"\n\t\t\t\t\twidth=\"120\"\n\t\t\t\t\theight=\"90\"\n\t\t\t\t\tstyle=\"max-width:100%;\"\n\t\t\t\t\/>\n\t\t\t<\/a>\n\t\t<\/div>\n\t\t\t\t\t\t\t<\/div>\n\t\t\t\n\t\t\n\t\t\t\t<div id=\"ngg-image-3\" class=\"ngg-gallery-thumbnail-box\"\n\t\t\t\t\t\t\t\t\t\t\t>\n\t\t\t\t\t\t<div class=\"ngg-gallery-thumbnail\">\n\t\t\t<a href=\"https:\/\/www.fsgestavayer.ch\/wp-content\/gallery\/la-suisse-bouge-2015\/Cirque4.JPG\"\n\t\t\t\ttitle=\" \"\n\t\t\t\tdata-src=\"https:\/\/www.fsgestavayer.ch\/wp-content\/gallery\/la-suisse-bouge-2015\/Cirque4.JPG\"\n\t\t\t\tdata-thumbnail=\"https:\/\/www.fsgestavayer.ch\/wp-content\/gallery\/la-suisse-bouge-2015\/thumbs\/thumbs_Cirque4.JPG\"\n\t\t\t\tdata-image-id=\"301\"\n\t\t\t\tdata-title=\"Cirque4.JPG\"\n\t\t\t\tdata-description=\" \"\n\t\t\t\tdata-image-slug=\"cirque4-jpg-1\"\n\t\t\t\tclass=\"ngg-fancybox\" rel=\"e3af065a8af2a589afdd5234b99f8831\">\n\t\t\t\t<img\n\t\t\t\t\ttitle=\"Cirque4.JPG\"\n\t\t\t\t\talt=\"Cirque4.JPG\"\n\t\t\t\t\tsrc=\"https:\/\/www.fsgestavayer.ch\/wp-content\/gallery\/la-suisse-bouge-2015\/thumbs\/thumbs_Cirque4.JPG\"\n\t\t\t\t\twidth=\"120\"\n\t\t\t\t\theight=\"90\"\n\t\t\t\t\tstyle=\"max-width:100%;\"\n\t\t\t\t\/>\n\t\t\t<\/a>\n\t\t<\/div>\n\t\t\t\t\t\t\t<\/div>\n\t\t\t\n\t\t\n\t\t\t\t<div id=\"ngg-image-4\" class=\"ngg-gallery-thumbnail-box\"\n\t\t\t\t\t\t\t\t\t\t\t>\n\t\t\t\t\t\t<div class=\"ngg-gallery-thumbnail\">\n\t\t\t<a href=\"https:\/\/www.fsgestavayer.ch\/wp-content\/gallery\/la-suisse-bouge-2015\/Cirque5.JPG\"\n\t\t\t\ttitle=\" \"\n\t\t\t\tdata-src=\"https:\/\/www.fsgestavayer.ch\/wp-content\/gallery\/la-suisse-bouge-2015\/Cirque5.JPG\"\n\t\t\t\tdata-thumbnail=\"https:\/\/www.fsgestavayer.ch\/wp-content\/gallery\/la-suisse-bouge-2015\/thumbs\/thumbs_Cirque5.JPG\"\n\t\t\t\tdata-image-id=\"302\"\n\t\t\t\tdata-title=\"Cirque5.JPG\"\n\t\t\t\tdata-description=\" \"\n\t\t\t\tdata-image-slug=\"cirque5-jpg-1\"\n\t\t\t\tclass=\"ngg-fancybox\" rel=\"e3af065a8af2a589afdd5234b99f8831\">\n\t\t\t\t<img\n\t\t\t\t\ttitle=\"Cirque5.JPG\"\n\t\t\t\t\talt=\"Cirque5.JPG\"\n\t\t\t\t\tsrc=\"https:\/\/www.fsgestavayer.ch\/wp-content\/gallery\/la-suisse-bouge-2015\/thumbs\/thumbs_Cirque5.JPG\"\n\t\t\t\t\twidth=\"120\"\n\t\t\t\t\theight=\"90\"\n\t\t\t\t\tstyle=\"max-width:100%;\"\n\t\t\t\t\/>\n\t\t\t<\/a>\n\t\t<\/div>\n\t\t\t\t\t\t\t<\/div>\n\t\t\t\n\t\t\n\t\t\t\t<div id=\"ngg-image-5\" class=\"ngg-gallery-thumbnail-box\"\n\t\t\t\t\t\t\t\t\t\t\t>\n\t\t\t\t\t\t<div class=\"ngg-gallery-thumbnail\">\n\t\t\t<a href=\"https:\/\/www.fsgestavayer.ch\/wp-content\/gallery\/la-suisse-bouge-2015\/DSC_0864.JPG\"\n\t\t\t\ttitle=\" \"\n\t\t\t\tdata-src=\"https:\/\/www.fsgestavayer.ch\/wp-content\/gallery\/la-suisse-bouge-2015\/DSC_0864.JPG\"\n\t\t\t\tdata-thumbnail=\"https:\/\/www.fsgestavayer.ch\/wp-content\/gallery\/la-suisse-bouge-2015\/thumbs\/thumbs_DSC_0864.JPG\"\n\t\t\t\tdata-image-id=\"303\"\n\t\t\t\tdata-title=\"DSC_0864.JPG\"\n\t\t\t\tdata-description=\" \"\n\t\t\t\tdata-image-slug=\"dsc_0864-jpg-1\"\n\t\t\t\tclass=\"ngg-fancybox\" rel=\"e3af065a8af2a589afdd5234b99f8831\">\n\t\t\t\t<img\n\t\t\t\t\ttitle=\"DSC_0864.JPG\"\n\t\t\t\t\talt=\"DSC_0864.JPG\"\n\t\t\t\t\tsrc=\"https:\/\/www.fsgestavayer.ch\/wp-content\/gallery\/la-suisse-bouge-2015\/thumbs\/thumbs_DSC_0864.JPG\"\n\t\t\t\t\twidth=\"120\"\n\t\t\t\t\theight=\"90\"\n\t\t\t\t\tstyle=\"max-width:100%;\"\n\t\t\t\t\/>\n\t\t\t<\/a>\n\t\t<\/div>\n\t\t\t\t\t\t\t<\/div>\n\t\t\t\n\t\t\n\t\t\t\t<div id=\"ngg-image-6\" class=\"ngg-gallery-thumbnail-box\"\n\t\t\t\t\t\t\t\t\t\t\t>\n\t\t\t\t\t\t<div class=\"ngg-gallery-thumbnail\">\n\t\t\t<a href=\"https:\/\/www.fsgestavayer.ch\/wp-content\/gallery\/la-suisse-bouge-2015\/DSC_0903.JPG\"\n\t\t\t\ttitle=\" \"\n\t\t\t\tdata-src=\"https:\/\/www.fsgestavayer.ch\/wp-content\/gallery\/la-suisse-bouge-2015\/DSC_0903.JPG\"\n\t\t\t\tdata-thumbnail=\"https:\/\/www.fsgestavayer.ch\/wp-content\/gallery\/la-suisse-bouge-2015\/thumbs\/thumbs_DSC_0903.JPG\"\n\t\t\t\tdata-image-id=\"304\"\n\t\t\t\tdata-title=\"DSC_0903.JPG\"\n\t\t\t\tdata-description=\" \"\n\t\t\t\tdata-image-slug=\"dsc_0903-jpg-1\"\n\t\t\t\tclass=\"ngg-fancybox\" rel=\"e3af065a8af2a589afdd5234b99f8831\">\n\t\t\t\t<img\n\t\t\t\t\ttitle=\"DSC_0903.JPG\"\n\t\t\t\t\talt=\"DSC_0903.JPG\"\n\t\t\t\t\tsrc=\"https:\/\/www.fsgestavayer.ch\/wp-content\/gallery\/la-suisse-bouge-2015\/thumbs\/thumbs_DSC_0903.JPG\"\n\t\t\t\t\twidth=\"120\"\n\t\t\t\t\theight=\"90\"\n\t\t\t\t\tstyle=\"max-width:100%;\"\n\t\t\t\t\/>\n\t\t\t<\/a>\n\t\t<\/div>\n\t\t\t\t\t\t\t<\/div>\n\t\t\t\n\t\t\n\t\t\t\t<div id=\"ngg-image-7\" class=\"ngg-gallery-thumbnail-box\"\n\t\t\t\t\t\t\t\t\t\t\t>\n\t\t\t\t\t\t<div class=\"ngg-gallery-thumbnail\">\n\t\t\t<a href=\"https:\/\/www.fsgestavayer.ch\/wp-content\/gallery\/la-suisse-bouge-2015\/DSC_0934.JPG\"\n\t\t\t\ttitle=\" \"\n\t\t\t\tdata-src=\"https:\/\/www.fsgestavayer.ch\/wp-content\/gallery\/la-suisse-bouge-2015\/DSC_0934.JPG\"\n\t\t\t\tdata-thumbnail=\"https:\/\/www.fsgestavayer.ch\/wp-content\/gallery\/la-suisse-bouge-2015\/thumbs\/thumbs_DSC_0934.JPG\"\n\t\t\t\tdata-image-id=\"305\"\n\t\t\t\tdata-title=\"DSC_0934.JPG\"\n\t\t\t\tdata-description=\" \"\n\t\t\t\tdata-image-slug=\"dsc_0934-jpg-1\"\n\t\t\t\tclass=\"ngg-fancybox\" rel=\"e3af065a8af2a589afdd5234b99f8831\">\n\t\t\t\t<img\n\t\t\t\t\ttitle=\"DSC_0934.JPG\"\n\t\t\t\t\talt=\"DSC_0934.JPG\"\n\t\t\t\t\tsrc=\"https:\/\/www.fsgestavayer.ch\/wp-content\/gallery\/la-suisse-bouge-2015\/thumbs\/thumbs_DSC_0934.JPG\"\n\t\t\t\t\twidth=\"120\"\n\t\t\t\t\theight=\"90\"\n\t\t\t\t\tstyle=\"max-width:100%;\"\n\t\t\t\t\/>\n\t\t\t<\/a>\n\t\t<\/div>\n\t\t\t\t\t\t\t<\/div>\n\t\t\t\n\t\t\n\t\t\t\t<div id=\"ngg-image-8\" class=\"ngg-gallery-thumbnail-box\"\n\t\t\t\t\t\t\t\t\t\t\t>\n\t\t\t\t\t\t<div class=\"ngg-gallery-thumbnail\">\n\t\t\t<a href=\"https:\/\/www.fsgestavayer.ch\/wp-content\/gallery\/la-suisse-bouge-2015\/escalade1.JPG\"\n\t\t\t\ttitle=\"\"\n\t\t\t\tdata-src=\"https:\/\/www.fsgestavayer.ch\/wp-content\/gallery\/la-suisse-bouge-2015\/escalade1.JPG\"\n\t\t\t\tdata-thumbnail=\"https:\/\/www.fsgestavayer.ch\/wp-content\/gallery\/la-suisse-bouge-2015\/thumbs\/thumbs_escalade1.JPG\"\n\t\t\t\tdata-image-id=\"306\"\n\t\t\t\tdata-title=\"escalade1.JPG\"\n\t\t\t\tdata-description=\"\"\n\t\t\t\tdata-image-slug=\"escalade1-jpg\"\n\t\t\t\tclass=\"ngg-fancybox\" rel=\"e3af065a8af2a589afdd5234b99f8831\">\n\t\t\t\t<img\n\t\t\t\t\ttitle=\"escalade1.JPG\"\n\t\t\t\t\talt=\"escalade1.JPG\"\n\t\t\t\t\tsrc=\"https:\/\/www.fsgestavayer.ch\/wp-content\/gallery\/la-suisse-bouge-2015\/thumbs\/thumbs_escalade1.JPG\"\n\t\t\t\t\twidth=\"120\"\n\t\t\t\t\theight=\"90\"\n\t\t\t\t\tstyle=\"max-width:100%;\"\n\t\t\t\t\/>\n\t\t\t<\/a>\n\t\t<\/div>\n\t\t\t\t\t\t\t<\/div>\n\t\t\t\n\t\t\n\t\t\t\t<div id=\"ngg-image-9\" class=\"ngg-gallery-thumbnail-box\"\n\t\t\t\t\t\t\t\t\t\t\t>\n\t\t\t\t\t\t<div class=\"ngg-gallery-thumbnail\">\n\t\t\t<a href=\"https:\/\/www.fsgestavayer.ch\/wp-content\/gallery\/la-suisse-bouge-2015\/escalade2.JPG\"\n\t\t\t\ttitle=\"\"\n\t\t\t\tdata-src=\"https:\/\/www.fsgestavayer.ch\/wp-content\/gallery\/la-suisse-bouge-2015\/escalade2.JPG\"\n\t\t\t\tdata-thumbnail=\"https:\/\/www.fsgestavayer.ch\/wp-content\/gallery\/la-suisse-bouge-2015\/thumbs\/thumbs_escalade2.JPG\"\n\t\t\t\tdata-image-id=\"307\"\n\t\t\t\tdata-title=\"escalade2.JPG\"\n\t\t\t\tdata-description=\"\"\n\t\t\t\tdata-image-slug=\"escalade2-jpg\"\n\t\t\t\tclass=\"ngg-fancybox\" rel=\"e3af065a8af2a589afdd5234b99f8831\">\n\t\t\t\t<img\n\t\t\t\t\ttitle=\"escalade2.JPG\"\n\t\t\t\t\talt=\"escalade2.JPG\"\n\t\t\t\t\tsrc=\"https:\/\/www.fsgestavayer.ch\/wp-content\/gallery\/la-suisse-bouge-2015\/thumbs\/thumbs_escalade2.JPG\"\n\t\t\t\t\twidth=\"120\"\n\t\t\t\t\theight=\"90\"\n\t\t\t\t\tstyle=\"max-width:100%;\"\n\t\t\t\t\/>\n\t\t\t<\/a>\n\t\t<\/div>\n\t\t\t\t\t\t\t<\/div>\n\t\t\t\n\t\t\n\t\t\t\t<div id=\"ngg-image-10\" class=\"ngg-gallery-thumbnail-box\"\n\t\t\t\t\t\t\t\t\t\t\t>\n\t\t\t\t\t\t<div class=\"ngg-gallery-thumbnail\">\n\t\t\t<a href=\"https:\/\/www.fsgestavayer.ch\/wp-content\/gallery\/la-suisse-bouge-2015\/escalade3.JPG\"\n\t\t\t\ttitle=\"\"\n\t\t\t\tdata-src=\"https:\/\/www.fsgestavayer.ch\/wp-content\/gallery\/la-suisse-bouge-2015\/escalade3.JPG\"\n\t\t\t\tdata-thumbnail=\"https:\/\/www.fsgestavayer.ch\/wp-content\/gallery\/la-suisse-bouge-2015\/thumbs\/thumbs_escalade3.JPG\"\n\t\t\t\tdata-image-id=\"308\"\n\t\t\t\tdata-title=\"OLYMPUS DIGITAL CAMERA\"\n\t\t\t\tdata-description=\"\"\n\t\t\t\tdata-image-slug=\"escalade3-jpg\"\n\t\t\t\tclass=\"ngg-fancybox\" rel=\"e3af065a8af2a589afdd5234b99f8831\">\n\t\t\t\t<img\n\t\t\t\t\ttitle=\"OLYMPUS DIGITAL CAMERA\"\n\t\t\t\t\talt=\"OLYMPUS DIGITAL CAMERA\"\n\t\t\t\t\tsrc=\"https:\/\/www.fsgestavayer.ch\/wp-content\/gallery\/la-suisse-bouge-2015\/thumbs\/thumbs_escalade3.JPG\"\n\t\t\t\t\twidth=\"120\"\n\t\t\t\t\theight=\"90\"\n\t\t\t\t\tstyle=\"max-width:100%;\"\n\t\t\t\t\/>\n\t\t\t<\/a>\n\t\t<\/div>\n\t\t\t\t\t\t\t<\/div>\n\t\t\t\n\t\t\n\t\t\t\t<div id=\"ngg-image-11\" class=\"ngg-gallery-thumbnail-box\"\n\t\t\t\t\t\t\t\t\t\t\t>\n\t\t\t\t\t\t<div class=\"ngg-gallery-thumbnail\">\n\t\t\t<a href=\"https:\/\/www.fsgestavayer.ch\/wp-content\/gallery\/la-suisse-bouge-2015\/P5050670.JPG\"\n\t\t\t\ttitle=\"\"\n\t\t\t\tdata-src=\"https:\/\/www.fsgestavayer.ch\/wp-content\/gallery\/la-suisse-bouge-2015\/P5050670.JPG\"\n\t\t\t\tdata-thumbnail=\"https:\/\/www.fsgestavayer.ch\/wp-content\/gallery\/la-suisse-bouge-2015\/thumbs\/thumbs_P5050670.JPG\"\n\t\t\t\tdata-image-id=\"309\"\n\t\t\t\tdata-title=\"OLYMPUS DIGITAL CAMERA\"\n\t\t\t\tdata-description=\"\"\n\t\t\t\tdata-image-slug=\"p5050670-jpg\"\n\t\t\t\tclass=\"ngg-fancybox\" rel=\"e3af065a8af2a589afdd5234b99f8831\">\n\t\t\t\t<img\n\t\t\t\t\ttitle=\"OLYMPUS DIGITAL CAMERA\"\n\t\t\t\t\talt=\"OLYMPUS DIGITAL CAMERA\"\n\t\t\t\t\tsrc=\"https:\/\/www.fsgestavayer.ch\/wp-content\/gallery\/la-suisse-bouge-2015\/thumbs\/thumbs_P5050670.JPG\"\n\t\t\t\t\twidth=\"120\"\n\t\t\t\t\theight=\"90\"\n\t\t\t\t\tstyle=\"max-width:100%;\"\n\t\t\t\t\/>\n\t\t\t<\/a>\n\t\t<\/div>\n\t\t\t\t\t\t\t<\/div>\n\t\t\t\n\t\t\n\t\t\t\t<div id=\"ngg-image-12\" class=\"ngg-gallery-thumbnail-box\"\n\t\t\t\t\t\t\t\t\t\t\t>\n\t\t\t\t\t\t<div class=\"ngg-gallery-thumbnail\">\n\t\t\t<a href=\"https:\/\/www.fsgestavayer.ch\/wp-content\/gallery\/la-suisse-bouge-2015\/P5050683.JPG\"\n\t\t\t\ttitle=\"\"\n\t\t\t\tdata-src=\"https:\/\/www.fsgestavayer.ch\/wp-content\/gallery\/la-suisse-bouge-2015\/P5050683.JPG\"\n\t\t\t\tdata-thumbnail=\"https:\/\/www.fsgestavayer.ch\/wp-content\/gallery\/la-suisse-bouge-2015\/thumbs\/thumbs_P5050683.JPG\"\n\t\t\t\tdata-image-id=\"310\"\n\t\t\t\tdata-title=\"OLYMPUS DIGITAL CAMERA\"\n\t\t\t\tdata-description=\"\"\n\t\t\t\tdata-image-slug=\"p5050683-jpg\"\n\t\t\t\tclass=\"ngg-fancybox\" rel=\"e3af065a8af2a589afdd5234b99f8831\">\n\t\t\t\t<img\n\t\t\t\t\ttitle=\"OLYMPUS DIGITAL CAMERA\"\n\t\t\t\t\talt=\"OLYMPUS DIGITAL CAMERA\"\n\t\t\t\t\tsrc=\"https:\/\/www.fsgestavayer.ch\/wp-content\/gallery\/la-suisse-bouge-2015\/thumbs\/thumbs_P5050683.JPG\"\n\t\t\t\t\twidth=\"120\"\n\t\t\t\t\theight=\"90\"\n\t\t\t\t\tstyle=\"max-width:100%;\"\n\t\t\t\t\/>\n\t\t\t<\/a>\n\t\t<\/div>\n\t\t\t\t\t\t\t<\/div>\n\t\t\t\n\t\t\n\t\t\t\t<div id=\"ngg-image-13\" class=\"ngg-gallery-thumbnail-box\"\n\t\t\t\t\t\t\t\t\t\t\t>\n\t\t\t\t\t\t<div class=\"ngg-gallery-thumbnail\">\n\t\t\t<a href=\"https:\/\/www.fsgestavayer.ch\/wp-content\/gallery\/la-suisse-bouge-2015\/P5050709.JPG\"\n\t\t\t\ttitle=\"\"\n\t\t\t\tdata-src=\"https:\/\/www.fsgestavayer.ch\/wp-content\/gallery\/la-suisse-bouge-2015\/P5050709.JPG\"\n\t\t\t\tdata-thumbnail=\"https:\/\/www.fsgestavayer.ch\/wp-content\/gallery\/la-suisse-bouge-2015\/thumbs\/thumbs_P5050709.JPG\"\n\t\t\t\tdata-image-id=\"311\"\n\t\t\t\tdata-title=\"OLYMPUS DIGITAL CAMERA\"\n\t\t\t\tdata-description=\"\"\n\t\t\t\tdata-image-slug=\"p5050709-jpg\"\n\t\t\t\tclass=\"ngg-fancybox\" rel=\"e3af065a8af2a589afdd5234b99f8831\">\n\t\t\t\t<img\n\t\t\t\t\ttitle=\"OLYMPUS DIGITAL CAMERA\"\n\t\t\t\t\talt=\"OLYMPUS DIGITAL CAMERA\"\n\t\t\t\t\tsrc=\"https:\/\/www.fsgestavayer.ch\/wp-content\/gallery\/la-suisse-bouge-2015\/thumbs\/thumbs_P5050709.JPG\"\n\t\t\t\t\twidth=\"120\"\n\t\t\t\t\theight=\"90\"\n\t\t\t\t\tstyle=\"max-width:100%;\"\n\t\t\t\t\/>\n\t\t\t<\/a>\n\t\t<\/div>\n\t\t\t\t\t\t\t<\/div>\n\t\t\t\n\t\t\n\t\t\t\t<div id=\"ngg-image-14\" class=\"ngg-gallery-thumbnail-box\"\n\t\t\t\t\t\t\t\t\t\t\t>\n\t\t\t\t\t\t<div class=\"ngg-gallery-thumbnail\">\n\t\t\t<a href=\"https:\/\/www.fsgestavayer.ch\/wp-content\/gallery\/la-suisse-bouge-2015\/P5060726.JPG\"\n\t\t\t\ttitle=\"\"\n\t\t\t\tdata-src=\"https:\/\/www.fsgestavayer.ch\/wp-content\/gallery\/la-suisse-bouge-2015\/P5060726.JPG\"\n\t\t\t\tdata-thumbnail=\"https:\/\/www.fsgestavayer.ch\/wp-content\/gallery\/la-suisse-bouge-2015\/thumbs\/thumbs_P5060726.JPG\"\n\t\t\t\tdata-image-id=\"312\"\n\t\t\t\tdata-title=\"OLYMPUS DIGITAL CAMERA\"\n\t\t\t\tdata-description=\"\"\n\t\t\t\tdata-image-slug=\"p5060726-jpg\"\n\t\t\t\tclass=\"ngg-fancybox\" rel=\"e3af065a8af2a589afdd5234b99f8831\">\n\t\t\t\t<img\n\t\t\t\t\ttitle=\"OLYMPUS DIGITAL CAMERA\"\n\t\t\t\t\talt=\"OLYMPUS DIGITAL CAMERA\"\n\t\t\t\t\tsrc=\"https:\/\/www.fsgestavayer.ch\/wp-content\/gallery\/la-suisse-bouge-2015\/thumbs\/thumbs_P5060726.JPG\"\n\t\t\t\t\twidth=\"120\"\n\t\t\t\t\theight=\"90\"\n\t\t\t\t\tstyle=\"max-width:100%;\"\n\t\t\t\t\/>\n\t\t\t<\/a>\n\t\t<\/div>\n\t\t\t\t\t\t\t<\/div>\n\t\t\t\n\t\t\n\t\t\t\t<div id=\"ngg-image-15\" class=\"ngg-gallery-thumbnail-box\"\n\t\t\t\t\t\t\t\t\t\t\t>\n\t\t\t\t\t\t<div class=\"ngg-gallery-thumbnail\">\n\t\t\t<a href=\"https:\/\/www.fsgestavayer.ch\/wp-content\/gallery\/la-suisse-bouge-2015\/P5060745.JPG\"\n\t\t\t\ttitle=\"\"\n\t\t\t\tdata-src=\"https:\/\/www.fsgestavayer.ch\/wp-content\/gallery\/la-suisse-bouge-2015\/P5060745.JPG\"\n\t\t\t\tdata-thumbnail=\"https:\/\/www.fsgestavayer.ch\/wp-content\/gallery\/la-suisse-bouge-2015\/thumbs\/thumbs_P5060745.JPG\"\n\t\t\t\tdata-image-id=\"313\"\n\t\t\t\tdata-title=\"OLYMPUS DIGITAL CAMERA\"\n\t\t\t\tdata-description=\"\"\n\t\t\t\tdata-image-slug=\"p5060745-jpg\"\n\t\t\t\tclass=\"ngg-fancybox\" rel=\"e3af065a8af2a589afdd5234b99f8831\">\n\t\t\t\t<img\n\t\t\t\t\ttitle=\"OLYMPUS DIGITAL CAMERA\"\n\t\t\t\t\talt=\"OLYMPUS DIGITAL CAMERA\"\n\t\t\t\t\tsrc=\"https:\/\/www.fsgestavayer.ch\/wp-content\/gallery\/la-suisse-bouge-2015\/thumbs\/thumbs_P5060745.JPG\"\n\t\t\t\t\twidth=\"120\"\n\t\t\t\t\theight=\"90\"\n\t\t\t\t\tstyle=\"max-width:100%;\"\n\t\t\t\t\/>\n\t\t\t<\/a>\n\t\t<\/div>\n\t\t\t\t\t\t\t<\/div>\n\t\t\t\n\t\t\n\t\t\t\t<div id=\"ngg-image-16\" class=\"ngg-gallery-thumbnail-box\"\n\t\t\t\t\t\t\t\t\t\t\t>\n\t\t\t\t\t\t<div class=\"ngg-gallery-thumbnail\">\n\t\t\t<a href=\"https:\/\/www.fsgestavayer.ch\/wp-content\/gallery\/la-suisse-bouge-2015\/P5060753.JPG\"\n\t\t\t\ttitle=\"\"\n\t\t\t\tdata-src=\"https:\/\/www.fsgestavayer.ch\/wp-content\/gallery\/la-suisse-bouge-2015\/P5060753.JPG\"\n\t\t\t\tdata-thumbnail=\"https:\/\/www.fsgestavayer.ch\/wp-content\/gallery\/la-suisse-bouge-2015\/thumbs\/thumbs_P5060753.JPG\"\n\t\t\t\tdata-image-id=\"314\"\n\t\t\t\tdata-title=\"OLYMPUS DIGITAL CAMERA\"\n\t\t\t\tdata-description=\"\"\n\t\t\t\tdata-image-slug=\"p5060753-jpg\"\n\t\t\t\tclass=\"ngg-fancybox\" rel=\"e3af065a8af2a589afdd5234b99f8831\">\n\t\t\t\t<img\n\t\t\t\t\ttitle=\"OLYMPUS DIGITAL CAMERA\"\n\t\t\t\t\talt=\"OLYMPUS DIGITAL CAMERA\"\n\t\t\t\t\tsrc=\"https:\/\/www.fsgestavayer.ch\/wp-content\/gallery\/la-suisse-bouge-2015\/thumbs\/thumbs_P5060753.JPG\"\n\t\t\t\t\twidth=\"120\"\n\t\t\t\t\theight=\"90\"\n\t\t\t\t\tstyle=\"max-width:100%;\"\n\t\t\t\t\/>\n\t\t\t<\/a>\n\t\t<\/div>\n\t\t\t\t\t\t\t<\/div>\n\t\t\t\n\t\t\n\t\t\t\t<div id=\"ngg-image-17\" class=\"ngg-gallery-thumbnail-box\"\n\t\t\t\t\t\t\t\t\t\t\t>\n\t\t\t\t\t\t<div class=\"ngg-gallery-thumbnail\">\n\t\t\t<a href=\"https:\/\/www.fsgestavayer.ch\/wp-content\/gallery\/la-suisse-bouge-2015\/P5060773.JPG\"\n\t\t\t\ttitle=\" \"\n\t\t\t\tdata-src=\"https:\/\/www.fsgestavayer.ch\/wp-content\/gallery\/la-suisse-bouge-2015\/P5060773.JPG\"\n\t\t\t\tdata-thumbnail=\"https:\/\/www.fsgestavayer.ch\/wp-content\/gallery\/la-suisse-bouge-2015\/thumbs\/thumbs_P5060773.JPG\"\n\t\t\t\tdata-image-id=\"315\"\n\t\t\t\tdata-title=\"OLYMPUS DIGITAL CAMERA\"\n\t\t\t\tdata-description=\" \"\n\t\t\t\tdata-image-slug=\"olympus-digital-camera\"\n\t\t\t\tclass=\"ngg-fancybox\" rel=\"e3af065a8af2a589afdd5234b99f8831\">\n\t\t\t\t<img\n\t\t\t\t\ttitle=\"OLYMPUS DIGITAL CAMERA\"\n\t\t\t\t\talt=\"OLYMPUS DIGITAL CAMERA\"\n\t\t\t\t\tsrc=\"https:\/\/www.fsgestavayer.ch\/wp-content\/gallery\/la-suisse-bouge-2015\/thumbs\/thumbs_P5060773.JPG\"\n\t\t\t\t\twidth=\"120\"\n\t\t\t\t\theight=\"90\"\n\t\t\t\t\tstyle=\"max-width:100%;\"\n\t\t\t\t\/>\n\t\t\t<\/a>\n\t\t<\/div>\n\t\t\t\t\t\t\t<\/div>\n\t\t\t\n\t\t\n\t\t\n\t\t<!-- Pagination -->\n\t\t<div class='ngg-clear'><\/div>\t<\/div>\n<\/p>\n","protected":false},"excerpt":{"rendered":"<p>En 2015, le duel de la Suisse bouge opposait les habitants d&rsquo;Estavayer \u00e0 ceux des communes voisines. A ce jeu, ce sont les habitants d&rsquo;Estavayer <a class=\"more-link\" href=\"https:\/\/www.fsgestavayer.ch\/?p=1459\">Continuer la lecture <span class=\"screen-reader-text\">  La Suisse bouge 2015 &#8211; R\u00e9sultats et photos<\/span><span class=\"meta-nav\">&rarr;<\/span><\/a><\/p>\n","protected":false},"author":3,"featured_media":1502,"comment_status":"closed","ping_status":"open","sticky":false,"template":"","format":"standard","meta":{"ngg_post_thumbnail":0,"footnotes":""},"categories":[21],"tags":[22],"class_list":["post-1459","post","type-post","status-publish","format-standard","has-post-thumbnail","hentry","category-la-suisse-bouge","tag-la-suisse-bouge-2"],"_links":{"self":[{"href":"https:\/\/www.fsgestavayer.ch\/index.php?rest_route=\/wp\/v2\/posts\/1459","targetHints":{"allow":["GET"]}}],"collection":[{"href":"https:\/\/www.fsgestavayer.ch\/index.php?rest_route=\/wp\/v2\/posts"}],"about":[{"href":"https:\/\/www.fsgestavayer.ch\/index.php?rest_route=\/wp\/v2\/types\/post"}],"author":[{"embeddable":true,"href":"https:\/\/www.fsgestavayer.ch\/index.php?rest_route=\/wp\/v2\/users\/3"}],"replies":[{"embeddable":true,"href":"https:\/\/www.fsgestavayer.ch\/index.php?rest_route=%2Fwp%2Fv2%2Fcomments&post=1459"}],"version-history":[{"count":0,"href":"https:\/\/www.fsgestavayer.ch\/index.php?rest_route=\/wp\/v2\/posts\/1459\/revisions"}],"wp:featuredmedia":[{"embeddable":true,"href":"https:\/\/www.fsgestavayer.ch\/index.php?rest_route=\/wp\/v2\/media\/1502"}],"wp:attachment":[{"href":"https:\/\/www.fsgestavayer.ch\/index.php?rest_route=%2Fwp%2Fv2%2Fmedia&parent=1459"}],"wp:term":[{"taxonomy":"category","embeddable":true,"href":"https:\/\/www.fsgestavayer.ch\/index.php?rest_route=%2Fwp%2Fv2%2Fcategories&post=1459"},{"taxonomy":"post_tag","embeddable":true,"href":"https:\/\/www.fsgestavayer.ch\/index.php?rest_route=%2Fwp%2Fv2%2Ftags&post=1459"}],"curies":[{"name":"wp","href":"https:\/\/api.w.org\/{rel}","templated":true}]}}