{"id":1443,"date":"2015-04-27T23:20:56","date_gmt":"2015-04-27T21:20:56","guid":{"rendered":"http:\/\/www.fsgestavayer.ch\/?p=1443"},"modified":"2015-04-27T23:20:56","modified_gmt":"2015-04-27T21:20:56","slug":"la-suisse-bouge-inscriptions-pour-lescalade-2","status":"publish","type":"post","link":"https:\/\/www.fsgestavayer.ch\/?p=1443","title":{"rendered":"La Suisse bouge : Inscriptions pour l&rsquo;escalade"},"content":{"rendered":"<p>Vous pouvez d\u00e8s maintenant vous inscrire pour l&rsquo;escalade dans le cadre de La Suisse bouge&#8230; Attention, les places sont limit\u00e9es \ud83d\ude42<\/p>\n<p>Cliquez ci-dessous sur le groupe de votre choix :<br \/>\n<a title=\"La Suisse bouge : Escalade \u2013 Groupe du Lundi, Salle de l\u2019Amarante\" href=\"https:\/\/www.fsgestavayer.ch\/?event=la-suisse-bouge-escalade-groupe-du-lundi-salle-de-lamarante\">Salle de l&rsquo;Amarante &#8211; Lundi 4 mai<\/a><br \/>\n<a title=\"La Suisse bouge : Escalade \u2013 Groupe du Lundi, Salle du CO\" href=\"https:\/\/www.fsgestavayer.ch\/?event=la-suisse-bouge-escalade-groupe-du-lundi-salle-du-co-3\">Salle du CO &#8211; Lundi 4 mai<\/a><br \/>\n<a title=\"La Suisse bouge : Escalade \u2013 Groupe du Mercredi, Salle de l\u2019Amarante\" href=\"https:\/\/www.fsgestavayer.ch\/?event=la-suisse-bouge-escalade-groupe-du-mercredi-salle-de-lamarante\">Salle de l&rsquo;Amarante &#8211; Mercredi 6 mai<\/a><br \/>\n<a title=\"La Suisse bouge : Escalade \u2013 Groupe du Mercredi, Salle du CO\" href=\"https:\/\/www.fsgestavayer.ch\/?event=la-suisse-bouge-escalade-groupe-du-mercredi-salle-du-co\">Salle du CO &#8211; Mercredi 6 mai<\/a><\/p>\n<p>Les enfants peuvent venir d\u00e8s l&rsquo;\u00e2ge de 5 ans, ils doivent \u00eatre accompagn\u00e9s d&rsquo;un adulte jusqu&rsquo;\u00e0 12 ans. Merci de respecter un maximum de 2 enfants par adulte accompagnateur.<\/p>\n<p>Les adultes accompagnateurs doivent \u00eatre inscrits \u00e9galement car ils utiliseront un baudrier pour assurer leur enfant.<\/p>\n<p><a href=\"https:\/\/www.fsgestavayer.ch\/wp-contenu\/uploads\/2014\/04\/Escalade.jpg\"><img loading=\"lazy\" decoding=\"async\" class=\"alignnone size-full wp-image-873\" src=\"https:\/\/www.fsgestavayer.ch\/wp-contenu\/uploads\/2014\/04\/Escalade.jpg\" alt=\"SAMSUNG\" width=\"360\" height=\"480\" srcset=\"https:\/\/www.fsgestavayer.ch\/wp-contenu\/uploads\/2014\/04\/Escalade.jpg 360w, https:\/\/www.fsgestavayer.ch\/wp-contenu\/uploads\/2014\/04\/Escalade-225x300.jpg 225w\" sizes=\"auto, (max-width: 360px) 100vw, 360px\" \/><\/a><\/p>\n","protected":false},"excerpt":{"rendered":"<p>Vous pouvez d\u00e8s maintenant vous inscrire pour l&rsquo;escalade dans le cadre de La Suisse bouge&#8230; Attention, les places sont limit\u00e9es \ud83d\ude42 Cliquez ci-dessous sur le <a class=\"more-link\" href=\"https:\/\/www.fsgestavayer.ch\/?p=1443\">Continuer la lecture <span class=\"screen-reader-text\">  La Suisse bouge : Inscriptions pour l&rsquo;escalade<\/span><span class=\"meta-nav\">&rarr;<\/span><\/a><\/p>\n","protected":false},"author":3,"featured_media":873,"comment_status":"closed","ping_status":"open","sticky":false,"template":"","format":"standard","meta":{"ngg_post_thumbnail":0,"footnotes":""},"categories":[21],"tags":[28],"class_list":["post-1443","post","type-post","status-publish","format-standard","has-post-thumbnail","hentry","category-la-suisse-bouge","tag-escalade"],"_links":{"self":[{"href":"https:\/\/www.fsgestavayer.ch\/index.php?rest_route=\/wp\/v2\/posts\/1443","targetHints":{"allow":["GET"]}}],"collection":[{"href":"https:\/\/www.fsgestavayer.ch\/index.php?rest_route=\/wp\/v2\/posts"}],"about":[{"href":"https:\/\/www.fsgestavayer.ch\/index.php?rest_route=\/wp\/v2\/types\/post"}],"author":[{"embeddable":true,"href":"https:\/\/www.fsgestavayer.ch\/index.php?rest_route=\/wp\/v2\/users\/3"}],"replies":[{"embeddable":true,"href":"https:\/\/www.fsgestavayer.ch\/index.php?rest_route=%2Fwp%2Fv2%2Fcomments&post=1443"}],"version-history":[{"count":0,"href":"https:\/\/www.fsgestavayer.ch\/index.php?rest_route=\/wp\/v2\/posts\/1443\/revisions"}],"wp:featuredmedia":[{"embeddable":true,"href":"https:\/\/www.fsgestavayer.ch\/index.php?rest_route=\/wp\/v2\/media\/873"}],"wp:attachment":[{"href":"https:\/\/www.fsgestavayer.ch\/index.php?rest_route=%2Fwp%2Fv2%2Fmedia&parent=1443"}],"wp:term":[{"taxonomy":"category","embeddable":true,"href":"https:\/\/www.fsgestavayer.ch\/index.php?rest_route=%2Fwp%2Fv2%2Fcategories&post=1443"},{"taxonomy":"post_tag","embeddable":true,"href":"https:\/\/www.fsgestavayer.ch\/index.php?rest_route=%2Fwp%2Fv2%2Ftags&post=1443"}],"curies":[{"name":"wp","href":"https:\/\/api.w.org\/{rel}","templated":true}]}}