{"id":1425,"date":"2015-04-22T22:58:46","date_gmt":"2015-04-22T20:58:46","guid":{"rendered":"http:\/\/www.fsgestavayer.ch\/?p=1425"},"modified":"2015-04-23T23:37:38","modified_gmt":"2015-04-23T21:37:38","slug":"la-suisse-bouge-2015","status":"publish","type":"post","link":"https:\/\/www.fsgestavayer.ch\/?p=1425","title":{"rendered":"La Suisse bouge &#8211; 2015"},"content":{"rendered":"<p>L&rsquo;\u00e9dition 2015 de La Suisse bouge aura lieu du 4 au 8 mai !<\/p>\n<p>Toutes vos activit\u00e9s sportives pr\u00e9f\u00e9r\u00e9es seront pr\u00e9sentes: vous pourrez marcher, grimper, faire du v\u00e9lo, nager, danser la Salsa, courir, retrouver le Vo-Vietnam, d\u00e9couvrir la Kizomba et le Piloxing, pratiquer diff\u00e9rents jeux de raquettes et bien s\u00fbr se retrouver pour le souper du Vendredi !<\/p>\n<p>Retrouvez toutes les informations ci-dessous pour pr\u00e9parer cette semaine sportive :<\/p>\n<p><iframe title=\"La Suisse bouge 2015\" src=\"https:\/\/e.issuu.com\/embed.html?u=fsgestavayer&#038;d=15_flyers\" style=\"border:none; width: 530px; height: 406px;\" allow=\"clipboard-write,allow-top-navigation,allow-top-navigation-by-user-activation,allow-downloads,allow-scripts,allow-same-origin,allow-popups,allow-modals,allow-popups-to-escape-sandbox,allow-forms\"  allowfullscreen=\"true\"><\/iframe><\/p>\n<p><iframe title=\"La Suisse bouge 2015 - programme\" src=\"https:\/\/e.issuu.com\/embed.html?u=fsgestavayer&#038;d=15_programme_def\" style=\"border:none; width: 530px; height: 406px;\" allow=\"clipboard-write,allow-top-navigation,allow-top-navigation-by-user-activation,allow-downloads,allow-scripts,allow-same-origin,allow-popups,allow-modals,allow-popups-to-escape-sandbox,allow-forms\"  allowfullscreen=\"true\"><\/iframe><\/p>\n","protected":false},"excerpt":{"rendered":"<p>L&rsquo;\u00e9dition 2015 de La Suisse bouge aura lieu du 4 au 8 mai ! Toutes vos activit\u00e9s sportives pr\u00e9f\u00e9r\u00e9es seront pr\u00e9sentes: vous pourrez marcher, grimper, <a class=\"more-link\" href=\"https:\/\/www.fsgestavayer.ch\/?p=1425\">Continuer la lecture <span class=\"screen-reader-text\">  La Suisse bouge &#8211; 2015<\/span><span class=\"meta-nav\">&rarr;<\/span><\/a><\/p>\n","protected":false},"author":3,"featured_media":300,"comment_status":"closed","ping_status":"open","sticky":false,"template":"","format":"standard","meta":{"ngg_post_thumbnail":0,"footnotes":""},"categories":[21],"tags":[22],"class_list":["post-1425","post","type-post","status-publish","format-standard","has-post-thumbnail","hentry","category-la-suisse-bouge","tag-la-suisse-bouge-2"],"_links":{"self":[{"href":"https:\/\/www.fsgestavayer.ch\/index.php?rest_route=\/wp\/v2\/posts\/1425","targetHints":{"allow":["GET"]}}],"collection":[{"href":"https:\/\/www.fsgestavayer.ch\/index.php?rest_route=\/wp\/v2\/posts"}],"about":[{"href":"https:\/\/www.fsgestavayer.ch\/index.php?rest_route=\/wp\/v2\/types\/post"}],"author":[{"embeddable":true,"href":"https:\/\/www.fsgestavayer.ch\/index.php?rest_route=\/wp\/v2\/users\/3"}],"replies":[{"embeddable":true,"href":"https:\/\/www.fsgestavayer.ch\/index.php?rest_route=%2Fwp%2Fv2%2Fcomments&post=1425"}],"version-history":[{"count":0,"href":"https:\/\/www.fsgestavayer.ch\/index.php?rest_route=\/wp\/v2\/posts\/1425\/revisions"}],"wp:featuredmedia":[{"embeddable":true,"href":"https:\/\/www.fsgestavayer.ch\/index.php?rest_route=\/wp\/v2\/media\/300"}],"wp:attachment":[{"href":"https:\/\/www.fsgestavayer.ch\/index.php?rest_route=%2Fwp%2Fv2%2Fmedia&parent=1425"}],"wp:term":[{"taxonomy":"category","embeddable":true,"href":"https:\/\/www.fsgestavayer.ch\/index.php?rest_route=%2Fwp%2Fv2%2Fcategories&post=1425"},{"taxonomy":"post_tag","embeddable":true,"href":"https:\/\/www.fsgestavayer.ch\/index.php?rest_route=%2Fwp%2Fv2%2Ftags&post=1425"}],"curies":[{"name":"wp","href":"https:\/\/api.w.org\/{rel}","templated":true}]}}