{"id":11404,"date":"2025-10-22T14:11:14","date_gmt":"2025-10-22T12:11:14","guid":{"rendered":"https:\/\/www.fsgestavayer.ch\/?p=11404"},"modified":"2025-10-23T11:25:00","modified_gmt":"2025-10-23T09:25:00","slug":"assemblee-generale-nouveau-president","status":"publish","type":"post","link":"https:\/\/www.fsgestavayer.ch\/?p=11404","title":{"rendered":"Assembl\u00e9e G\u00e9n\u00e9rale &#8211; nouveau Pr\u00e9sident"},"content":{"rendered":"\n<p>La FSG Estavayer a tenu son Assembl\u00e9e G\u00e9n\u00e9rale le 4 Octobre dernier.<\/p>\n\n\n\n<p>Comme chaque ann\u00e9e, cela a \u00e9t\u00e9 l\u2019occasion de f\u00e9liciter les excellents r\u00e9sultats de l\u2019ann\u00e9e des meilleurs gymnastes et athl\u00e8tes.<\/p>\n\n\n\n<p>L\u2019ann\u00e9e \u00e9coul\u00e9e a \u00e9t\u00e9 remarquable par le succ\u00e8s des nombreux \u00e9v\u00e8nements organis\u00e9s. Notre caissi\u00e8re a \u00e9galement pu souligner les bons r\u00e9sultats financiers g\u00e9n\u00e9r\u00e9s gr\u00e2ce \u00e0 ces initiatives. Merci aux diff\u00e9rents groupes de la soci\u00e9t\u00e9 qui ont organis\u00e9 ces \u00e9v\u00e8nements&nbsp;!<\/p>\n\n\n\n<p>Cette assembl\u00e9e a aussi \u00e9t\u00e9 l\u2019occasion d\u2019\u00e9lire Steve Emmenegger nouveau pr\u00e9sident de la FSG Estavayer. Steve a \u00e9t\u00e9 athl\u00e8te puis entra\u00eeneur des groupes d\u2019athl\u00e9tisme durant de nombreuses ann\u00e9es, il est \u00e9galement pr\u00e9sident du comit\u00e9 d\u2019organisation de l\u2019UBS Kids Cup \u00e0 Estavayer. Nos deux co-pr\u00e9sidentes B\u00e9atrice Brasey et Nathalie Martin continueront d&rsquo;\u0153uvrer au sein du comit\u00e9 de la soci\u00e9t\u00e9 \u00e0 d\u2019autres postes.<\/p>\n\n\n\n<p>Ce passage de t\u00e9moin s\u2019est d\u00e9roul\u00e9 avec \u00e9motion, tous les membres pr\u00e9sents ont salu\u00e9 la qualit\u00e9 du travail effectu\u00e9 par Nathalie et B\u00e9atrice et se sont r\u00e9jouis de l\u2019arriv\u00e9e de Steve. Ce renouvellement montre le dynamisme de notre soci\u00e9t\u00e9, qui peut compter sur ses jeunes g\u00e9n\u00e9rations et accueille avec plaisir des membres de tous \u00e2ges.<\/p>\n\n\n\n<p>La soir\u00e9e s\u2019est ensuite poursuivie dans la bonne humeur avec l\u2019excellent repas servi par OCPV \u2013 On Cuisine Pour Vous.<\/p>\n\n\n\n<figure class=\"wp-block-image size-large\"><a href=\"https:\/\/www.fsgestavayer.ch\/wp-contenu\/uploads\/2025\/10\/laureats-2025.jpeg\"><img loading=\"lazy\" decoding=\"async\" width=\"1024\" height=\"683\" src=\"https:\/\/www.fsgestavayer.ch\/wp-contenu\/uploads\/2025\/10\/laureats-2025-1024x683.jpeg\" alt=\"\" class=\"wp-image-11405\" srcset=\"https:\/\/www.fsgestavayer.ch\/wp-contenu\/uploads\/2025\/10\/laureats-2025-1024x683.jpeg 1024w, https:\/\/www.fsgestavayer.ch\/wp-contenu\/uploads\/2025\/10\/laureats-2025-300x200.jpeg 300w, https:\/\/www.fsgestavayer.ch\/wp-contenu\/uploads\/2025\/10\/laureats-2025-768x512.jpeg 768w, https:\/\/www.fsgestavayer.ch\/wp-contenu\/uploads\/2025\/10\/laureats-2025.jpeg 1200w\" sizes=\"auto, (max-width: 1024px) 100vw, 1024px\" \/><\/a><\/figure>\n\n\n\n<figure class=\"wp-block-image size-large\"><a href=\"https:\/\/www.fsgestavayer.ch\/wp-contenu\/uploads\/2025\/10\/Nouveau-president.jpeg\"><img loading=\"lazy\" decoding=\"async\" width=\"683\" height=\"1024\" src=\"https:\/\/www.fsgestavayer.ch\/wp-contenu\/uploads\/2025\/10\/Nouveau-president-683x1024.jpeg\" alt=\"\" class=\"wp-image-11406\" srcset=\"https:\/\/www.fsgestavayer.ch\/wp-contenu\/uploads\/2025\/10\/Nouveau-president-683x1024.jpeg 683w, https:\/\/www.fsgestavayer.ch\/wp-contenu\/uploads\/2025\/10\/Nouveau-president-200x300.jpeg 200w, https:\/\/www.fsgestavayer.ch\/wp-contenu\/uploads\/2025\/10\/Nouveau-president-768x1152.jpeg 768w, https:\/\/www.fsgestavayer.ch\/wp-contenu\/uploads\/2025\/10\/Nouveau-president-1024x1536.jpeg 1024w, https:\/\/www.fsgestavayer.ch\/wp-contenu\/uploads\/2025\/10\/Nouveau-president.jpeg 1200w\" sizes=\"auto, (max-width: 683px) 100vw, 683px\" \/><\/a><\/figure>\n\n\n\n<figure class=\"wp-block-image size-large\"><a href=\"https:\/\/www.fsgestavayer.ch\/wp-contenu\/uploads\/2025\/10\/copresidentes.jpeg\"><img loading=\"lazy\" decoding=\"async\" width=\"683\" height=\"1024\" src=\"https:\/\/www.fsgestavayer.ch\/wp-contenu\/uploads\/2025\/10\/copresidentes-683x1024.jpeg\" alt=\"\" class=\"wp-image-11407\" srcset=\"https:\/\/www.fsgestavayer.ch\/wp-contenu\/uploads\/2025\/10\/copresidentes-683x1024.jpeg 683w, https:\/\/www.fsgestavayer.ch\/wp-contenu\/uploads\/2025\/10\/copresidentes-200x300.jpeg 200w, https:\/\/www.fsgestavayer.ch\/wp-contenu\/uploads\/2025\/10\/copresidentes-768x1152.jpeg 768w, https:\/\/www.fsgestavayer.ch\/wp-contenu\/uploads\/2025\/10\/copresidentes-1024x1536.jpeg 1024w, https:\/\/www.fsgestavayer.ch\/wp-contenu\/uploads\/2025\/10\/copresidentes.jpeg 1200w\" sizes=\"auto, (max-width: 683px) 100vw, 683px\" \/><\/a><\/figure>\n","protected":false},"excerpt":{"rendered":"<p>La FSG Estavayer a tenu son Assembl\u00e9e G\u00e9n\u00e9rale le 4 Octobre dernier. Comme chaque ann\u00e9e, cela a \u00e9t\u00e9 l\u2019occasion de f\u00e9liciter les excellents r\u00e9sultats de <a class=\"more-link\" href=\"https:\/\/www.fsgestavayer.ch\/?p=11404\">Continuer la lecture <span class=\"screen-reader-text\">  Assembl\u00e9e G\u00e9n\u00e9rale &#8211; nouveau Pr\u00e9sident<\/span><span class=\"meta-nav\">&rarr;<\/span><\/a><\/p>\n","protected":false},"author":3,"featured_media":11405,"comment_status":"closed","ping_status":"open","sticky":false,"template":"","format":"standard","meta":{"ngg_post_thumbnail":0,"footnotes":""},"categories":[1],"tags":[],"class_list":["post-11404","post","type-post","status-publish","format-standard","has-post-thumbnail","hentry","category-non-classe"],"_links":{"self":[{"href":"https:\/\/www.fsgestavayer.ch\/index.php?rest_route=\/wp\/v2\/posts\/11404","targetHints":{"allow":["GET"]}}],"collection":[{"href":"https:\/\/www.fsgestavayer.ch\/index.php?rest_route=\/wp\/v2\/posts"}],"about":[{"href":"https:\/\/www.fsgestavayer.ch\/index.php?rest_route=\/wp\/v2\/types\/post"}],"author":[{"embeddable":true,"href":"https:\/\/www.fsgestavayer.ch\/index.php?rest_route=\/wp\/v2\/users\/3"}],"replies":[{"embeddable":true,"href":"https:\/\/www.fsgestavayer.ch\/index.php?rest_route=%2Fwp%2Fv2%2Fcomments&post=11404"}],"version-history":[{"count":2,"href":"https:\/\/www.fsgestavayer.ch\/index.php?rest_route=\/wp\/v2\/posts\/11404\/revisions"}],"predecessor-version":[{"id":11409,"href":"https:\/\/www.fsgestavayer.ch\/index.php?rest_route=\/wp\/v2\/posts\/11404\/revisions\/11409"}],"wp:featuredmedia":[{"embeddable":true,"href":"https:\/\/www.fsgestavayer.ch\/index.php?rest_route=\/wp\/v2\/media\/11405"}],"wp:attachment":[{"href":"https:\/\/www.fsgestavayer.ch\/index.php?rest_route=%2Fwp%2Fv2%2Fmedia&parent=11404"}],"wp:term":[{"taxonomy":"category","embeddable":true,"href":"https:\/\/www.fsgestavayer.ch\/index.php?rest_route=%2Fwp%2Fv2%2Fcategories&post=11404"},{"taxonomy":"post_tag","embeddable":true,"href":"https:\/\/www.fsgestavayer.ch\/index.php?rest_route=%2Fwp%2Fv2%2Ftags&post=11404"}],"curies":[{"name":"wp","href":"https:\/\/api.w.org\/{rel}","templated":true}]}}