{"id":11018,"date":"2024-09-26T13:12:25","date_gmt":"2024-09-26T11:12:25","guid":{"rendered":"https:\/\/www.fsgestavayer.ch\/?p=11018"},"modified":"2026-02-06T20:26:16","modified_gmt":"2026-02-06T19:26:16","slug":"agres-benicup-a-bulle","status":"publish","type":"post","link":"https:\/\/www.fsgestavayer.ch\/?p=11018","title":{"rendered":"Agr\u00e8s : B\u00e9nicup \u00e0 Bulle"},"content":{"rendered":"\n<p>A peine la rentr\u00e9e pass\u00e9e, les gymnastes de la FSG Estavayer se sont d\u00e9j\u00e0 illustr\u00e9s lors de leur premier concours de la saison.<br>La B\u00e9niCup s&rsquo;est d\u00e9roul\u00e9e \u00e0 Bulle le 21 septembre dernier. F\u00e9licitations \u00e0 Lindsay Macr\u00e9, Mia Pillonel (distinction \u00e0 la 9\u00e8me place des filles C3), Yvana Kn\u00f6pfli et Paul le Duault qui obtient la 1\u00e8re place des gar\u00e7ons C3!<\/p>\n\n\n\n<figure class=\"wp-block-image size-large\"><a href=\"https:\/\/www.fsgestavayer.ch\/wp-contenu\/uploads\/2024\/09\/IMG_6858-scaled.jpeg\"><img loading=\"lazy\" decoding=\"async\" width=\"1024\" height=\"980\" src=\"https:\/\/www.fsgestavayer.ch\/wp-contenu\/uploads\/2024\/09\/IMG_6858-1024x980.jpeg\" alt=\"\" class=\"wp-image-11019\" srcset=\"https:\/\/www.fsgestavayer.ch\/wp-contenu\/uploads\/2024\/09\/IMG_6858-1024x980.jpeg 1024w, https:\/\/www.fsgestavayer.ch\/wp-contenu\/uploads\/2024\/09\/IMG_6858-300x287.jpeg 300w, https:\/\/www.fsgestavayer.ch\/wp-contenu\/uploads\/2024\/09\/IMG_6858-768x735.jpeg 768w, https:\/\/www.fsgestavayer.ch\/wp-contenu\/uploads\/2024\/09\/IMG_6858-1536x1470.jpeg 1536w, https:\/\/www.fsgestavayer.ch\/wp-contenu\/uploads\/2024\/09\/IMG_6858-2048x1959.jpeg 2048w\" sizes=\"auto, (max-width: 1024px) 100vw, 1024px\" \/><\/a><\/figure>\n\n\n\n<p>de gauche \u00e0 droite : Lindsay, Mia, Yvana et Paul.<\/p>\n\n\n\n<figure class=\"wp-block-image size-large\"><a href=\"https:\/\/www.fsgestavayer.ch\/wp-contenu\/uploads\/2024\/09\/IMG_6846.jpeg\"><img loading=\"lazy\" decoding=\"async\" width=\"1024\" height=\"695\" src=\"https:\/\/www.fsgestavayer.ch\/wp-contenu\/uploads\/2024\/09\/IMG_6846-1024x695.jpeg\" alt=\"\" class=\"wp-image-11020\" srcset=\"https:\/\/www.fsgestavayer.ch\/wp-contenu\/uploads\/2024\/09\/IMG_6846-1024x695.jpeg 1024w, https:\/\/www.fsgestavayer.ch\/wp-contenu\/uploads\/2024\/09\/IMG_6846-300x204.jpeg 300w, https:\/\/www.fsgestavayer.ch\/wp-contenu\/uploads\/2024\/09\/IMG_6846-768x521.jpeg 768w, https:\/\/www.fsgestavayer.ch\/wp-contenu\/uploads\/2024\/09\/IMG_6846-1536x1042.jpeg 1536w, https:\/\/www.fsgestavayer.ch\/wp-contenu\/uploads\/2024\/09\/IMG_6846-2048x1389.jpeg 2048w\" sizes=\"auto, (max-width: 1024px) 100vw, 1024px\" \/><\/a><\/figure>\n\n\n\n<p>Paul sur la premi\u00e8re marche du podium.<\/p>\n","protected":false},"excerpt":{"rendered":"<p>A peine la rentr\u00e9e pass\u00e9e, les gymnastes de la FSG Estavayer se sont d\u00e9j\u00e0 illustr\u00e9s lors de leur premier concours de la saison.La B\u00e9niCup s&rsquo;est <a class=\"more-link\" href=\"https:\/\/www.fsgestavayer.ch\/?p=11018\">Continuer la lecture <span class=\"screen-reader-text\">  Agr\u00e8s : B\u00e9nicup \u00e0 Bulle<\/span><span class=\"meta-nav\">&rarr;<\/span><\/a><\/p>\n","protected":false},"author":3,"featured_media":11019,"comment_status":"closed","ping_status":"open","sticky":false,"template":"","format":"standard","meta":{"ngg_post_thumbnail":0,"footnotes":""},"categories":[3],"tags":[],"class_list":["post-11018","post","type-post","status-publish","format-standard","has-post-thumbnail","hentry","category-agres"],"_links":{"self":[{"href":"https:\/\/www.fsgestavayer.ch\/index.php?rest_route=\/wp\/v2\/posts\/11018","targetHints":{"allow":["GET"]}}],"collection":[{"href":"https:\/\/www.fsgestavayer.ch\/index.php?rest_route=\/wp\/v2\/posts"}],"about":[{"href":"https:\/\/www.fsgestavayer.ch\/index.php?rest_route=\/wp\/v2\/types\/post"}],"author":[{"embeddable":true,"href":"https:\/\/www.fsgestavayer.ch\/index.php?rest_route=\/wp\/v2\/users\/3"}],"replies":[{"embeddable":true,"href":"https:\/\/www.fsgestavayer.ch\/index.php?rest_route=%2Fwp%2Fv2%2Fcomments&post=11018"}],"version-history":[{"count":1,"href":"https:\/\/www.fsgestavayer.ch\/index.php?rest_route=\/wp\/v2\/posts\/11018\/revisions"}],"predecessor-version":[{"id":11021,"href":"https:\/\/www.fsgestavayer.ch\/index.php?rest_route=\/wp\/v2\/posts\/11018\/revisions\/11021"}],"wp:featuredmedia":[{"embeddable":true,"href":"https:\/\/www.fsgestavayer.ch\/index.php?rest_route=\/wp\/v2\/media\/11019"}],"wp:attachment":[{"href":"https:\/\/www.fsgestavayer.ch\/index.php?rest_route=%2Fwp%2Fv2%2Fmedia&parent=11018"}],"wp:term":[{"taxonomy":"category","embeddable":true,"href":"https:\/\/www.fsgestavayer.ch\/index.php?rest_route=%2Fwp%2Fv2%2Fcategories&post=11018"},{"taxonomy":"post_tag","embeddable":true,"href":"https:\/\/www.fsgestavayer.ch\/index.php?rest_route=%2Fwp%2Fv2%2Ftags&post=11018"}],"curies":[{"name":"wp","href":"https:\/\/api.w.org\/{rel}","templated":true}]}}