{"id":108,"date":"2013-06-05T21:28:41","date_gmt":"2013-06-05T19:28:41","guid":{"rendered":"http:\/\/www.fsgestavayer.ch?p=108"},"modified":"2016-05-08T21:20:51","modified_gmt":"2016-05-08T19:20:51","slug":"edition-2013-de-la-suisse-bouge-les-femmes-remportent-le-duel","status":"publish","type":"post","link":"https:\/\/www.fsgestavayer.ch\/?p=108","title":{"rendered":"Edition 2013 de La Suisse bouge : Les femmes remportent le duel !"},"content":{"rendered":"<p><a href=\"https:\/\/www.fsgestavayer.ch\/wp-contenu\/uploads\/2013\/06\/Sigle_la_suisse_bouge.gif\"><img loading=\"lazy\" decoding=\"async\" class=\"alignnone size-full wp-image-300\" src=\"https:\/\/www.fsgestavayer.ch\/wp-contenu\/uploads\/2013\/06\/Sigle_la_suisse_bouge.gif\" alt=\"Sigle_la_suisse_bouge\" width=\"533\" height=\"122\" \/><\/a><\/p>\n<p>Malgr\u00e9 une m\u00e9t\u00e9o difficile, le bilan de l&rsquo;\u00e9dition 2013 est tr\u00e8s positif.<br \/>\nAinsi les Broyards se sont d\u00e9pens\u00e9s durant <strong>2&rsquo;243 heures<\/strong> et<strong> les femmes ont remport\u00e9 le duel avec 1&rsquo;405 heures \u00e0 leur actif, contre (seulement) 838 heures pour les hommes.<br \/>\n<\/strong><br \/>\nUn total de 1&rsquo;538 participants, dont une vingtaine de classes primaires, ont \u00e9t\u00e9 recens\u00e9s durant la semaine, ce qui repr\u00e9sente environ 300 de moins qu&rsquo;en 2012.<br \/>\nLe souper du vendredi a quant \u00e0 lui r\u00e9uni une centaine de personnes.<\/p>\nngg_shortcode_0_placeholder\n","protected":false},"excerpt":{"rendered":"<p>Malgr\u00e9 une m\u00e9t\u00e9o difficile, le bilan de l&rsquo;\u00e9dition 2013 est tr\u00e8s positif. Ainsi les Broyards se sont d\u00e9pens\u00e9s durant 2&rsquo;243 heures et les femmes ont <a class=\"more-link\" href=\"https:\/\/www.fsgestavayer.ch\/?p=108\">Continuer la lecture <span class=\"screen-reader-text\">  Edition 2013 de La Suisse bouge : Les femmes remportent le duel !<\/span><span class=\"meta-nav\">&rarr;<\/span><\/a><\/p>\n","protected":false},"author":3,"featured_media":0,"comment_status":"closed","ping_status":"open","sticky":false,"template":"","format":"standard","meta":{"ngg_post_thumbnail":0,"footnotes":""},"categories":[21],"tags":[22],"class_list":["post-108","post","type-post","status-publish","format-standard","hentry","category-la-suisse-bouge","tag-la-suisse-bouge-2"],"_links":{"self":[{"href":"https:\/\/www.fsgestavayer.ch\/index.php?rest_route=\/wp\/v2\/posts\/108","targetHints":{"allow":["GET"]}}],"collection":[{"href":"https:\/\/www.fsgestavayer.ch\/index.php?rest_route=\/wp\/v2\/posts"}],"about":[{"href":"https:\/\/www.fsgestavayer.ch\/index.php?rest_route=\/wp\/v2\/types\/post"}],"author":[{"embeddable":true,"href":"https:\/\/www.fsgestavayer.ch\/index.php?rest_route=\/wp\/v2\/users\/3"}],"replies":[{"embeddable":true,"href":"https:\/\/www.fsgestavayer.ch\/index.php?rest_route=%2Fwp%2Fv2%2Fcomments&post=108"}],"version-history":[{"count":0,"href":"https:\/\/www.fsgestavayer.ch\/index.php?rest_route=\/wp\/v2\/posts\/108\/revisions"}],"wp:attachment":[{"href":"https:\/\/www.fsgestavayer.ch\/index.php?rest_route=%2Fwp%2Fv2%2Fmedia&parent=108"}],"wp:term":[{"taxonomy":"category","embeddable":true,"href":"https:\/\/www.fsgestavayer.ch\/index.php?rest_route=%2Fwp%2Fv2%2Fcategories&post=108"},{"taxonomy":"post_tag","embeddable":true,"href":"https:\/\/www.fsgestavayer.ch\/index.php?rest_route=%2Fwp%2Fv2%2Ftags&post=108"}],"curies":[{"name":"wp","href":"https:\/\/api.w.org\/{rel}","templated":true}]}}