{"id":1056,"date":"2014-10-08T18:28:07","date_gmt":"2014-10-08T16:28:07","guid":{"rendered":"http:\/\/www.fsgestavayer.ch\/?p=1056"},"modified":"2014-10-08T18:35:13","modified_gmt":"2014-10-08T16:35:13","slug":"coupe-de-noel-2014","status":"publish","type":"post","link":"https:\/\/www.fsgestavayer.ch\/?p=1056","title":{"rendered":"Coupe de No\u00ebl 2014"},"content":{"rendered":"<p>C&rsquo;est encore un peu l&rsquo;\u00e9t\u00e9, pourtant la Coupe de No\u00ebl approche d\u00e9j\u00e0 !<\/p>\n<p style=\"text-align: center;\"><strong>Estavayer-le-Lac \u2013 24\u00e8me Coupe de No\u00ebl<\/strong><\/p>\n<div style=\"text-align: center;\"><\/div>\n<div><\/div>\n<div><\/div>\n<div style=\"text-align: center;\"><\/div>\n<div style=\"text-align: center;\">Le comit\u00e9 de la Coupe de No\u00ebl vous donne d\u2019ores et d\u00e9j\u00e0 rendez-vous<\/div>\n<div style=\"text-align: center;\"><\/div>\n<div style=\"text-align: center;\"><\/div>\n<div style=\"text-align: center;\"><\/div>\n<div style=\"text-align: center;\"><strong>le samedi 13 d\u00e9cembre 2014<\/strong><\/div>\n<div style=\"text-align: center;\"><\/div>\n<div style=\"text-align: center;\"><\/div>\n<div style=\"text-align: center;\">\n<p>pour sa prochaine \u00e9dition dans les rues d\u2019Estavayer-le-Lac.<\/p>\n<p>Vous trouverez toutes les informations n\u00e9cessaires ci-dessous et les inscriptions sont ouvertes: <a title=\"Formulaire d\u2019inscription\" href=\"https:\/\/www.fsgestavayer.ch\/?page_id=1067\">Formulaire d&rsquo;inscription<\/a><\/p>\n<\/div>\n<p><iframe title=\"Coupe de No\u00ebl 2014\" src=\"https:\/\/e.issuu.com\/embed.html?u=fsgestavayer&#038;d=coupe_de_noel_2014\" style=\"border:none; width: 530px; height: 406px;\" allow=\"clipboard-write,allow-top-navigation,allow-top-navigation-by-user-activation,allow-downloads,allow-scripts,allow-same-origin,allow-popups,allow-modals,allow-popups-to-escape-sandbox,allow-forms\"  allowfullscreen=\"true\"><\/iframe><\/p>\n<p>&nbsp;<\/p>\n<p>Vous pouvez \u00e9galement vous replonger dans l&rsquo;ambiance de la Coupe de No\u00ebl 2013 avec les photos des <a title=\"Coupe de No\u00ebl 2013\" href=\"https:\/\/www.fsgestavayer.ch\/?page_id=976\" target=\"_blank\">courses des enfants<\/a>.<\/p>\n","protected":false},"excerpt":{"rendered":"<p>C&rsquo;est encore un peu l&rsquo;\u00e9t\u00e9, pourtant la Coupe de No\u00ebl approche d\u00e9j\u00e0 ! Estavayer-le-Lac \u2013 24\u00e8me Coupe de No\u00ebl Le comit\u00e9 de la Coupe de <a class=\"more-link\" href=\"https:\/\/www.fsgestavayer.ch\/?p=1056\">Continuer la lecture <span class=\"screen-reader-text\">  Coupe de No\u00ebl 2014<\/span><span class=\"meta-nav\">&rarr;<\/span><\/a><\/p>\n","protected":false},"author":3,"featured_media":1073,"comment_status":"closed","ping_status":"open","sticky":false,"template":"","format":"standard","meta":{"ngg_post_thumbnail":0,"footnotes":""},"categories":[1],"tags":[26],"class_list":["post-1056","post","type-post","status-publish","format-standard","has-post-thumbnail","hentry","category-non-classe","tag-coupe-de-noel"],"_links":{"self":[{"href":"https:\/\/www.fsgestavayer.ch\/index.php?rest_route=\/wp\/v2\/posts\/1056","targetHints":{"allow":["GET"]}}],"collection":[{"href":"https:\/\/www.fsgestavayer.ch\/index.php?rest_route=\/wp\/v2\/posts"}],"about":[{"href":"https:\/\/www.fsgestavayer.ch\/index.php?rest_route=\/wp\/v2\/types\/post"}],"author":[{"embeddable":true,"href":"https:\/\/www.fsgestavayer.ch\/index.php?rest_route=\/wp\/v2\/users\/3"}],"replies":[{"embeddable":true,"href":"https:\/\/www.fsgestavayer.ch\/index.php?rest_route=%2Fwp%2Fv2%2Fcomments&post=1056"}],"version-history":[{"count":0,"href":"https:\/\/www.fsgestavayer.ch\/index.php?rest_route=\/wp\/v2\/posts\/1056\/revisions"}],"wp:featuredmedia":[{"embeddable":true,"href":"https:\/\/www.fsgestavayer.ch\/index.php?rest_route=\/wp\/v2\/media\/1073"}],"wp:attachment":[{"href":"https:\/\/www.fsgestavayer.ch\/index.php?rest_route=%2Fwp%2Fv2%2Fmedia&parent=1056"}],"wp:term":[{"taxonomy":"category","embeddable":true,"href":"https:\/\/www.fsgestavayer.ch\/index.php?rest_route=%2Fwp%2Fv2%2Fcategories&post=1056"},{"taxonomy":"post_tag","embeddable":true,"href":"https:\/\/www.fsgestavayer.ch\/index.php?rest_route=%2Fwp%2Fv2%2Ftags&post=1056"}],"curies":[{"name":"wp","href":"https:\/\/api.w.org\/{rel}","templated":true}]}}