{"id":10508,"date":"2023-11-15T21:01:19","date_gmt":"2023-11-15T20:01:19","guid":{"rendered":"https:\/\/www.fsgestavayer.ch\/?p=10508"},"modified":"2023-11-15T21:01:20","modified_gmt":"2023-11-15T20:01:20","slug":"tournoi-populaire-de-volley-le-20-janvier","status":"publish","type":"post","link":"https:\/\/www.fsgestavayer.ch\/?p=10508","title":{"rendered":"Tournoi populaire de volley le 20 janvier !"},"content":{"rendered":"\n<p>\u00c0 l&rsquo;occasion de la d\u00e9sormais traditionnelle journ\u00e9e du volley, inscrivez-vous au tournoi populaire du matin et venez nous supporter pour nos matchs de championnat l&rsquo;apr\u00e8s-midi !<\/p>\n\n\n\n<p>Consultez les images suivantes pour plus d&rsquo;informations !<\/p>\n\n\n\n<figure class=\"wp-block-image size-large\"><a href=\"https:\/\/www.fsgestavayer.ch\/wp-contenu\/uploads\/2023\/11\/1-1.png\"><img loading=\"lazy\" decoding=\"async\" width=\"1024\" height=\"1024\" src=\"https:\/\/www.fsgestavayer.ch\/wp-contenu\/uploads\/2023\/11\/1-1-1024x1024.png\" alt=\"\" class=\"wp-image-10510\" srcset=\"https:\/\/www.fsgestavayer.ch\/wp-contenu\/uploads\/2023\/11\/1-1-1024x1024.png 1024w, https:\/\/www.fsgestavayer.ch\/wp-contenu\/uploads\/2023\/11\/1-1-300x300.png 300w, https:\/\/www.fsgestavayer.ch\/wp-contenu\/uploads\/2023\/11\/1-1-150x150.png 150w, https:\/\/www.fsgestavayer.ch\/wp-contenu\/uploads\/2023\/11\/1-1-768x768.png 768w, https:\/\/www.fsgestavayer.ch\/wp-contenu\/uploads\/2023\/11\/1-1.png 1080w\" sizes=\"auto, (max-width: 1024px) 100vw, 1024px\" \/><\/a><\/figure>\n\n\n\n<figure class=\"wp-block-image size-large\"><a href=\"https:\/\/www.fsgestavayer.ch\/wp-contenu\/uploads\/2023\/11\/2.png\"><img loading=\"lazy\" decoding=\"async\" width=\"1024\" height=\"1024\" src=\"https:\/\/www.fsgestavayer.ch\/wp-contenu\/uploads\/2023\/11\/2-1024x1024.png\" alt=\"\" class=\"wp-image-10511\" srcset=\"https:\/\/www.fsgestavayer.ch\/wp-contenu\/uploads\/2023\/11\/2-1024x1024.png 1024w, https:\/\/www.fsgestavayer.ch\/wp-contenu\/uploads\/2023\/11\/2-300x300.png 300w, https:\/\/www.fsgestavayer.ch\/wp-contenu\/uploads\/2023\/11\/2-150x150.png 150w, https:\/\/www.fsgestavayer.ch\/wp-contenu\/uploads\/2023\/11\/2-768x768.png 768w, https:\/\/www.fsgestavayer.ch\/wp-contenu\/uploads\/2023\/11\/2.png 1080w\" sizes=\"auto, (max-width: 1024px) 100vw, 1024px\" \/><\/a><\/figure>\n\n\n\n<figure class=\"wp-block-image size-large\"><a href=\"https:\/\/www.fsgestavayer.ch\/wp-contenu\/uploads\/2023\/11\/3.png\"><img loading=\"lazy\" decoding=\"async\" width=\"1024\" height=\"1024\" src=\"https:\/\/www.fsgestavayer.ch\/wp-contenu\/uploads\/2023\/11\/3-1024x1024.png\" alt=\"\" class=\"wp-image-10512\" srcset=\"https:\/\/www.fsgestavayer.ch\/wp-contenu\/uploads\/2023\/11\/3-1024x1024.png 1024w, https:\/\/www.fsgestavayer.ch\/wp-contenu\/uploads\/2023\/11\/3-300x300.png 300w, https:\/\/www.fsgestavayer.ch\/wp-contenu\/uploads\/2023\/11\/3-150x150.png 150w, https:\/\/www.fsgestavayer.ch\/wp-contenu\/uploads\/2023\/11\/3-768x768.png 768w, https:\/\/www.fsgestavayer.ch\/wp-contenu\/uploads\/2023\/11\/3.png 1080w\" sizes=\"auto, (max-width: 1024px) 100vw, 1024px\" \/><\/a><\/figure>\n\n\n\n<figure class=\"wp-block-image size-large\"><a href=\"https:\/\/www.fsgestavayer.ch\/wp-contenu\/uploads\/2023\/11\/4.png\"><img loading=\"lazy\" decoding=\"async\" width=\"1080\" height=\"1080\" src=\"https:\/\/www.fsgestavayer.ch\/wp-contenu\/uploads\/2023\/11\/4-1024x1024.png\" alt=\"\" class=\"wp-image-10513\" srcset=\"https:\/\/www.fsgestavayer.ch\/wp-contenu\/uploads\/2023\/11\/4-1024x1024.png 1024w, https:\/\/www.fsgestavayer.ch\/wp-contenu\/uploads\/2023\/11\/4-300x300.png 300w, https:\/\/www.fsgestavayer.ch\/wp-contenu\/uploads\/2023\/11\/4-150x150.png 150w, https:\/\/www.fsgestavayer.ch\/wp-contenu\/uploads\/2023\/11\/4-768x768.png 768w, https:\/\/www.fsgestavayer.ch\/wp-contenu\/uploads\/2023\/11\/4.png 1080w\" sizes=\"auto, (max-width: 1080px) 100vw, 1080px\" \/><\/a><\/figure>\n","protected":false},"excerpt":{"rendered":"<p>\u00c0 l&rsquo;occasion de la d\u00e9sormais traditionnelle journ\u00e9e du volley, inscrivez-vous au tournoi populaire du matin et venez nous supporter pour nos matchs de championnat l&rsquo;apr\u00e8s-midi <a class=\"more-link\" href=\"https:\/\/www.fsgestavayer.ch\/?p=10508\">Continuer la lecture <span class=\"screen-reader-text\">  Tournoi populaire de volley le 20 janvier !<\/span><span class=\"meta-nav\">&rarr;<\/span><\/a><\/p>\n","protected":false},"author":15,"featured_media":10516,"comment_status":"closed","ping_status":"open","sticky":false,"template":"","format":"standard","meta":{"ngg_post_thumbnail":0,"footnotes":""},"categories":[12],"tags":[],"class_list":["post-10508","post","type-post","status-publish","format-standard","has-post-thumbnail","hentry","category-volley"],"_links":{"self":[{"href":"https:\/\/www.fsgestavayer.ch\/index.php?rest_route=\/wp\/v2\/posts\/10508","targetHints":{"allow":["GET"]}}],"collection":[{"href":"https:\/\/www.fsgestavayer.ch\/index.php?rest_route=\/wp\/v2\/posts"}],"about":[{"href":"https:\/\/www.fsgestavayer.ch\/index.php?rest_route=\/wp\/v2\/types\/post"}],"author":[{"embeddable":true,"href":"https:\/\/www.fsgestavayer.ch\/index.php?rest_route=\/wp\/v2\/users\/15"}],"replies":[{"embeddable":true,"href":"https:\/\/www.fsgestavayer.ch\/index.php?rest_route=%2Fwp%2Fv2%2Fcomments&post=10508"}],"version-history":[{"count":2,"href":"https:\/\/www.fsgestavayer.ch\/index.php?rest_route=\/wp\/v2\/posts\/10508\/revisions"}],"predecessor-version":[{"id":10515,"href":"https:\/\/www.fsgestavayer.ch\/index.php?rest_route=\/wp\/v2\/posts\/10508\/revisions\/10515"}],"wp:featuredmedia":[{"embeddable":true,"href":"https:\/\/www.fsgestavayer.ch\/index.php?rest_route=\/wp\/v2\/media\/10516"}],"wp:attachment":[{"href":"https:\/\/www.fsgestavayer.ch\/index.php?rest_route=%2Fwp%2Fv2%2Fmedia&parent=10508"}],"wp:term":[{"taxonomy":"category","embeddable":true,"href":"https:\/\/www.fsgestavayer.ch\/index.php?rest_route=%2Fwp%2Fv2%2Fcategories&post=10508"},{"taxonomy":"post_tag","embeddable":true,"href":"https:\/\/www.fsgestavayer.ch\/index.php?rest_route=%2Fwp%2Fv2%2Ftags&post=10508"}],"curies":[{"name":"wp","href":"https:\/\/api.w.org\/{rel}","templated":true}]}}